{"id":1972,"date":"2013-06-20T08:36:58","date_gmt":"2013-06-20T07:36:58","guid":{"rendered":"https:\/\/inclusioaltemporda.cat\/portal\/?p=1972"},"modified":"2016-02-01T09:22:27","modified_gmt":"2016-02-01T08:22:27","slug":"saproven-inicialment-les-bases-del-concurs-de-projectes-dinclusio-a-lalt-emporda","status":"publish","type":"post","link":"https:\/\/inclusioaltemporda.cat\/portal\/saproven-inicialment-les-bases-del-concurs-de-projectes-dinclusio-a-lalt-emporda\/","title":{"rendered":"S&#8217;aproven inicialment les bases del concurs de projectes d&#8217;Inclusi\u00f3 a l&#8217;Alt Empord\u00e0"},"content":{"rendered":"<p><!--:CA-->L&#8217;\u00e0rea de Benestar del CCAE posa en marxa el Concurs de Projectes d&#8217;Inclusi\u00f3 Social a l&#8217;Alt Empord\u00e0 amb l&#8217;objectiu de fer emergir iniciatives innovadores en l&#8217;\u00e0mbit de la inclusi\u00f3 i la cohesi\u00f3 social i finan\u00e7ar projectes en el territori. Aquesta iniciativa, que s&#8217;emmarca en el Pla d&#8217;Inclusi\u00f3 i Cohesi\u00f3 Social de l&#8217;Alt Empord\u00e0, t\u00e9 com a finalitat millorar les condicions de vida de la poblaci\u00f3 de la comarca i refor\u00e7ar la cohesi\u00f3 social.<\/p>\n<p>Les bases del concurs de projectes d&#8217;Inclusi\u00f3 de l&#8217;Alt Empord\u00e0 estaran en per\u00edode d\u2019exposici\u00f3 p\u00fablica fins el dia 16 de juliol, i fins que no finalitzi aquest no seran vigents. Es poden consultar en <a href=\"https:\/\/inclusioaltemporda.cat\/portal\/wp-content\/uploads\/Bases-Concurs-Inclusi%C3%B3.pdf\">aquest enlla\u00e7<\/a>.<\/p>\n<p>Podran participar en el Concurs persones f\u00edsiques, entitats sense \u00e0nim de lucre, associacions, petites i mitjanes empreses i equips o centres de recerca d&#8217;universitats, que presentin projectes d&#8217;inclusi\u00f3 social a desenvolupar a la comarca de l&#8217;Alt Empord\u00e0 en municipis de fins a 20.000 habitants.<\/p>\n<p>L&#8217;objecte del Concurs \u00e9s atorgar ajut financer a projectes d&#8217;inclusi\u00f3 social a desenvolupar en els municipis petits i mitjans de la comarca durant l&#8217;any 2014. Els projectes hauran de comptar amb la participaci\u00f3, com a m\u00ednim, d&#8217;una entitat social o c\u00edvica del municipi\/municipis on es dugui a terme la seva implementaci\u00f3, i es valorar\u00e0 especialment aquells projectes amb perspectiva de g\u00e8nere orientats a promoure la inclusi\u00f3 social d&#8217;infants, adolescents, joves i les seves fam\u00edlies que proposin una metodologia de treball comunitari.<\/p>\n<p>Els \u00e0mbits d&#8217;aplicaci\u00f3 preferent en qu\u00e8 es podran definir els projectes d&#8217;inclusi\u00f3 social seran el formatiu i laboral, el residencial-habitatge, el relacional (xarxes de suport i treball amb la comunitat), i el de la ciutadania\/poblaci\u00f3 origen immigrant. Els projectes presentats hauran de tenir car\u00e0cter innovador i no estar implementats a la comarca de l&#8217;Alt Empord\u00e0. Els projectes seleccionats es duran a terme durant l&#8217;any 2014 en un o m\u00e9s municipis de la comarca.<!--:--><\/p>\n","protected":false},"excerpt":{"rendered":"<p>L&#8217;\u00e0rea de Benestar del CCAE posa en marxa el Concurs de Projectes d&#8217;Inclusi\u00f3 Social a l&#8217;Alt Empord\u00e0 amb l&#8217;objectiu de fer emergir iniciatives innovadores en l&#8217;\u00e0mbit de la inclusi\u00f3 i&hellip;<\/p>\n","protected":false},"author":2,"featured_media":1980,"comment_status":"closed","ping_status":"closed","sticky":false,"template":"","format":"standard","meta":{"footnotes":""},"categories":[106,100,107,101,105,104,103,108,12,102],"tags":[27,41,24,16],"class_list":["post-1972","post","type-post","status-publish","format-standard","has-post-thumbnail","hentry","category-administracions","category-area-benestar","category-centres-recerca-universitats","category-ciutadania","category-empreses","category-entitats-socials","category-estudiants-escoles-instituts","category-mitjans-comunicacio","category-pla-dinclusio-2","category-professionals-ambit-social","tag-benestar-ccae","tag-convocatories-dajuts","tag-inclusio-social","tag-pla-inclusio","category-106","category-100","category-107","category-101","category-105","category-104","category-103","category-108","category-12","category-102","description-off"],"_links":{"self":[{"href":"https:\/\/inclusioaltemporda.cat\/portal\/wp-json\/wp\/v2\/posts\/1972","targetHints":{"allow":["GET"]}}],"collection":[{"href":"https:\/\/inclusioaltemporda.cat\/portal\/wp-json\/wp\/v2\/posts"}],"about":[{"href":"https:\/\/inclusioaltemporda.cat\/portal\/wp-json\/wp\/v2\/types\/post"}],"author":[{"embeddable":true,"href":"https:\/\/inclusioaltemporda.cat\/portal\/wp-json\/wp\/v2\/users\/2"}],"replies":[{"embeddable":true,"href":"https:\/\/inclusioaltemporda.cat\/portal\/wp-json\/wp\/v2\/comments?post=1972"}],"version-history":[{"count":11,"href":"https:\/\/inclusioaltemporda.cat\/portal\/wp-json\/wp\/v2\/posts\/1972\/revisions"}],"predecessor-version":[{"id":4974,"href":"https:\/\/inclusioaltemporda.cat\/portal\/wp-json\/wp\/v2\/posts\/1972\/revisions\/4974"}],"wp:featuredmedia":[{"embeddable":true,"href":"https:\/\/inclusioaltemporda.cat\/portal\/wp-json\/wp\/v2\/media\/1980"}],"wp:attachment":[{"href":"https:\/\/inclusioaltemporda.cat\/portal\/wp-json\/wp\/v2\/media?parent=1972"}],"wp:term":[{"taxonomy":"category","embeddable":true,"href":"https:\/\/inclusioaltemporda.cat\/portal\/wp-json\/wp\/v2\/categories?post=1972"},{"taxonomy":"post_tag","embeddable":true,"href":"https:\/\/inclusioaltemporda.cat\/portal\/wp-json\/wp\/v2\/tags?post=1972"}],"curies":[{"name":"wp","href":"https:\/\/api.w.org\/{rel}","templated":true}]}}