{"id":2004,"date":"2013-06-25T09:27:41","date_gmt":"2013-06-25T08:27:41","guid":{"rendered":"https:\/\/inclusioaltemporda.cat\/portal\/?p=2004"},"modified":"2016-02-01T09:22:27","modified_gmt":"2016-02-01T08:22:27","slug":"finalitza-el-curs-de-formacio-per-a-entitats-organitzat-per-la-taula-dinclusio","status":"publish","type":"post","link":"https:\/\/inclusioaltemporda.cat\/portal\/finalitza-el-curs-de-formacio-per-a-entitats-organitzat-per-la-taula-dinclusio\/","title":{"rendered":"Finalitza el curs de formaci\u00f3 per a entitats organitzat per la Taula d&#8217;Inclusi\u00f3"},"content":{"rendered":"<p><!--:CA-->El dijous de la setmana passada va finalitzar el <a href=\"https:\/\/inclusioaltemporda.cat\/portal\/curs-de-formacio-per-a-entitats-civiques-i-socials-de-lalt-emporda-2\/\">curs de formaci\u00f3 per a entitats &#8220;Noves estrat\u00e8gies per al canvi social&#8221; <\/a>organitzat per la Taula per a la Inclusi\u00f3 social de l&#8217;Alt Empord\u00e0. Durant les quatre sessions incloses en el programa, les quinze entitats que hi han assistit han pogut treballar sobre diferents aspectes relacionats amb la gesti\u00f3 interna dels projectes i la millora de diferents aspectes clau del seu funcionament.<\/p>\n<p>La darrera sessi\u00f3 del curs va comptar\u00a0 amb la participaci\u00f3 de representants de <a href=\"http:\/\/www.coop57.coop\/index.php?lang=ca_es\" target=\"_blank\">Coop57<\/a> i <a href=\"http:\/\/projectefiare.wordpress.com\/\" target=\"_blank\">Projecte Fiare<\/a>, que varen abordar la q\u00fcesti\u00f3 del finan\u00e7ament de les entitats a partir de propostes basades en els principis de la banca \u00e8tica i del suport a iniciatives compromeses amb el territori i la transformaci\u00f3 social. En <a href=\"https:\/\/inclusioaltemporda.cat\/portal\/formacio\/\">aquest enlla\u00e7<\/a> hi podreu trobar els materials del curs de formaci\u00f3<\/p>\n<p>Aquesta iniciativa formativa, duta a terme amb el suport del <a href=\"http:\/\/www20.gencat.cat\/portal\/site\/bsf\/\" target=\"_blank\">Departament de Benestar Social i Fam\u00edlia<\/a> i la <a href=\"http:\/\/http:\/\/www.fdc.cat\/web\/\" target=\"_blank\">Fundaci\u00f3 Desenvolupament Comunitari<\/a>, va ser definida a partir de les necessitats expressades per les entitats membre de la Taula, que varen ser identificades a partir de trobades individuals amb cadascuna d&#8217;elles.<!--:--><\/p>\n","protected":false},"excerpt":{"rendered":"<p>El dijous de la setmana passada va finalitzar el curs de formaci\u00f3 per a entitats &#8220;Noves estrat\u00e8gies per al canvi social&#8221; organitzat per la Taula per a la Inclusi\u00f3 social&hellip;<\/p>\n","protected":false},"author":2,"featured_media":1174,"comment_status":"closed","ping_status":"closed","sticky":false,"template":"","format":"standard","meta":{"footnotes":""},"categories":[104,108,102,11],"tags":[52,24,17],"class_list":["post-2004","post","type-post","status-publish","format-standard","has-post-thumbnail","hentry","category-entitats-socials","category-mitjans-comunicacio","category-professionals-ambit-social","category-taula-inclusio","tag-entitats-de-la-taula","tag-inclusio-social","tag-taula","category-104","category-108","category-102","category-11","description-off"],"_links":{"self":[{"href":"https:\/\/inclusioaltemporda.cat\/portal\/wp-json\/wp\/v2\/posts\/2004","targetHints":{"allow":["GET"]}}],"collection":[{"href":"https:\/\/inclusioaltemporda.cat\/portal\/wp-json\/wp\/v2\/posts"}],"about":[{"href":"https:\/\/inclusioaltemporda.cat\/portal\/wp-json\/wp\/v2\/types\/post"}],"author":[{"embeddable":true,"href":"https:\/\/inclusioaltemporda.cat\/portal\/wp-json\/wp\/v2\/users\/2"}],"replies":[{"embeddable":true,"href":"https:\/\/inclusioaltemporda.cat\/portal\/wp-json\/wp\/v2\/comments?post=2004"}],"version-history":[{"count":6,"href":"https:\/\/inclusioaltemporda.cat\/portal\/wp-json\/wp\/v2\/posts\/2004\/revisions"}],"predecessor-version":[{"id":3363,"href":"https:\/\/inclusioaltemporda.cat\/portal\/wp-json\/wp\/v2\/posts\/2004\/revisions\/3363"}],"wp:featuredmedia":[{"embeddable":true,"href":"https:\/\/inclusioaltemporda.cat\/portal\/wp-json\/wp\/v2\/media\/1174"}],"wp:attachment":[{"href":"https:\/\/inclusioaltemporda.cat\/portal\/wp-json\/wp\/v2\/media?parent=2004"}],"wp:term":[{"taxonomy":"category","embeddable":true,"href":"https:\/\/inclusioaltemporda.cat\/portal\/wp-json\/wp\/v2\/categories?post=2004"},{"taxonomy":"post_tag","embeddable":true,"href":"https:\/\/inclusioaltemporda.cat\/portal\/wp-json\/wp\/v2\/tags?post=2004"}],"curies":[{"name":"wp","href":"https:\/\/api.w.org\/{rel}","templated":true}]}}