{"id":2027,"date":"2013-06-26T09:48:58","date_gmt":"2013-06-26T08:48:58","guid":{"rendered":"https:\/\/inclusioaltemporda.cat\/portal\/?p=2027"},"modified":"2016-02-01T09:22:27","modified_gmt":"2016-02-01T08:22:27","slug":"caritas-figueres-fa-una-crida-a-la-solidaritat","status":"publish","type":"post","link":"https:\/\/inclusioaltemporda.cat\/portal\/caritas-figueres-fa-una-crida-a-la-solidaritat\/","title":{"rendered":"C\u00e0ritas Figueres fa una crida a la solidaritat"},"content":{"rendered":"<p><!--:CA--><\/p>\n<p class=\"MsoNormal\" style=\"text-align: justify;\">Aquesta setmana <a title=\"C\u00e0ritas Figueres\" href=\"http:\/\/caritasfigueres.entitatsfigueres.cat\/presentacio1_1\/_uAlD6pePkNY7B823YQaFNH0_GdL5ZI1hNO4tSyqVXTUI68e_qgwdXQ\">C\u00e0ritas Figueres<\/a> ha posat en marxa una campanya de sensibilitzaci\u00f3 demanant a fam\u00edlies, empreses i entitats de la comarca el seu ajut i contribuci\u00f3 per paliar les necessitats de les fam\u00edlies que es troben en situaci\u00f3 m\u00e9s vulnerable.<\/p>\n<p class=\"MsoNormal\" style=\"text-align: justify;\">Ens fem ress\u00f3 d&#8217;aquesta iniciativa d&#8217;una de les entitats de la Taula per a la Inclusi\u00f3 i la Cohesi\u00f3 Social de l&#8217;Alt Empord\u00e0 per tal que ens ajudeu a difondre aquesta crida a la solidaritat a trav\u00e9s dels vostres contactes i xarxes socials.<\/p>\n<p class=\"MsoNormal\" style=\"text-align: justify;\">En concret, C\u00e0ritas\u00a0 demana l&#8217;ajut de persones, entitats, escoles i empreses de l&#8217;Alt Empord\u00e0 en els \u00e0mbits seg\u00fcents:<\/p>\n<p class=\"MsoNormal\" style=\"text-align: justify;\">1) Roba en bon estat per a infants i per a adults.<\/p>\n<p class=\"MsoNormal\" style=\"text-align: justify;\">2) Llet especial per a infants de 0-6 mesos.<\/p>\n<p class=\"MsoNormal\" style=\"text-align: justify;\">3) Recollida de llibres de text d&#8217;aquest curs per reutilitzar per a fam\u00edlies amb infants en edat escolar<\/p>\n<p class=\"MsoNormal\" style=\"text-align: justify;\">4) Aportacions econ\u00f2miques per al desenvolupament de nous programes assistencials i de promoci\u00f3 de les persones (C.C. 2100 0013 70 0200784368 de La Caixa)<\/p>\n<p class=\"MsoNormal\" style=\"text-align: justify;\">La roba i els llibres de text es poden portar a la seu de l&#8217;entitat (Pla\u00e7a Sant Vicen\u00e7 de Pa\u00fcl, 2 de Figueres) i la llet per a infants al Centre de Distribuci\u00f3 d&#8217;Aliments (c. Clerc i Nicolau, 5 de Figueres).<\/p>\n<p><!--:--><\/p>\n","protected":false},"excerpt":{"rendered":"<p>Aquesta setmana C\u00e0ritas Figueres ha posat en marxa una campanya de sensibilitzaci\u00f3 demanant a fam\u00edlies, empreses i entitats de la comarca el seu ajut i contribuci\u00f3 per paliar les necessitats&hellip;<\/p>\n","protected":false},"author":3,"featured_media":1664,"comment_status":"closed","ping_status":"closed","sticky":false,"template":"","format":"standard","meta":{"footnotes":""},"categories":[101,105,104,103,108,11],"tags":[52,24,17],"class_list":["post-2027","post","type-post","status-publish","format-standard","has-post-thumbnail","hentry","category-ciutadania","category-empreses","category-entitats-socials","category-estudiants-escoles-instituts","category-mitjans-comunicacio","category-taula-inclusio","tag-entitats-de-la-taula","tag-inclusio-social","tag-taula","category-101","category-105","category-104","category-103","category-108","category-11","description-off"],"_links":{"self":[{"href":"https:\/\/inclusioaltemporda.cat\/portal\/wp-json\/wp\/v2\/posts\/2027","targetHints":{"allow":["GET"]}}],"collection":[{"href":"https:\/\/inclusioaltemporda.cat\/portal\/wp-json\/wp\/v2\/posts"}],"about":[{"href":"https:\/\/inclusioaltemporda.cat\/portal\/wp-json\/wp\/v2\/types\/post"}],"author":[{"embeddable":true,"href":"https:\/\/inclusioaltemporda.cat\/portal\/wp-json\/wp\/v2\/users\/3"}],"replies":[{"embeddable":true,"href":"https:\/\/inclusioaltemporda.cat\/portal\/wp-json\/wp\/v2\/comments?post=2027"}],"version-history":[{"count":11,"href":"https:\/\/inclusioaltemporda.cat\/portal\/wp-json\/wp\/v2\/posts\/2027\/revisions"}],"predecessor-version":[{"id":3588,"href":"https:\/\/inclusioaltemporda.cat\/portal\/wp-json\/wp\/v2\/posts\/2027\/revisions\/3588"}],"wp:featuredmedia":[{"embeddable":true,"href":"https:\/\/inclusioaltemporda.cat\/portal\/wp-json\/wp\/v2\/media\/1664"}],"wp:attachment":[{"href":"https:\/\/inclusioaltemporda.cat\/portal\/wp-json\/wp\/v2\/media?parent=2027"}],"wp:term":[{"taxonomy":"category","embeddable":true,"href":"https:\/\/inclusioaltemporda.cat\/portal\/wp-json\/wp\/v2\/categories?post=2027"},{"taxonomy":"post_tag","embeddable":true,"href":"https:\/\/inclusioaltemporda.cat\/portal\/wp-json\/wp\/v2\/tags?post=2027"}],"curies":[{"name":"wp","href":"https:\/\/api.w.org\/{rel}","templated":true}]}}