{"id":2036,"date":"2013-06-27T08:41:07","date_gmt":"2013-06-27T07:41:07","guid":{"rendered":"https:\/\/inclusioaltemporda.cat\/portal\/?p=2036"},"modified":"2016-02-01T09:22:27","modified_gmt":"2016-02-01T08:22:27","slug":"convocatoria-dajuts-per-a-entitats-del-departament-de-benestar-social-i-familia","status":"publish","type":"post","link":"https:\/\/inclusioaltemporda.cat\/portal\/convocatoria-dajuts-per-a-entitats-del-departament-de-benestar-social-i-familia\/","title":{"rendered":"Convocat\u00f2ria d&#8217;ajuts per a entitats del Departament de Benestar Social i Fam\u00edlia"},"content":{"rendered":"<p><!--:CA-->El <a href=\"http:\/\/www20.gencat.cat\/portal\/site\/bsf\/\" target=\"_blank\">Departament de Benestar Social i Fam\u00edlia<\/a> de la Generalitat ha obert aquesta setmana 5 noves l\u00ednies d\u2019ajut dirigides a entitats en els \u00e0mbits de la participaci\u00f3 ciutadana i la promoci\u00f3 del voluntariat, el manteniment de programes de serveis socials, el serveis d&#8217;atenci\u00f3 a la fam\u00edlia i la promoci\u00f3 de la gent gran activa, a les entitats que pretesen serveis a la joventut, i a programes per al col\u00b7lectiu LGTB.<\/p>\n<p>L\u2019objecte de la convocat\u00f2ria, que finalitza el dia 9 de juliol, \u00e9s la col\u00b7laboraci\u00f3 en el finan\u00e7ament dels programes que portin a terme les entitats privades sense \u00e0nim de lucre en els \u00e0mbits esmentats.<\/p>\n<p>La <a href=\"http:\/\/www20.gencat.cat\/portal\/site\/OVT\/menuitem.8d9f3f7e23c1cd519e629e30b0c0e1a0\/?vgnextoid=aa8583b02c0bb110VgnVCM1000008d0c1e0aRCRD&amp;vgnextchannel=aa8583b02c0bb110VgnVCM1000008d0c1e0aRCRD&amp;vgnextfmt=detall&amp;contentid=e688b650ebc8a310b650ebc8a3108d0c1e0aRCRD\" target=\"_blank\">subvenci\u00f3 a entitats per a activitats de car\u00e0cter c\u00edvic, participaci\u00f3 ciutadana i de promoci\u00f3 del voluntariat<\/a> t\u00e9 com a objecte donar suport activitats de que tinguin per finalitat el foment del civisme, la participaci\u00f3 ciutadana i la solidaritat, i especialment aquelles vinculades amb la participaci\u00f3 de la gent gran, el foment de l\u2019associacionisme i el voluntariat i aquelles que afavoreixin la cohesi\u00f3 i la inclusi\u00f3 social.<\/p>\n<p>La convocat\u00f2ria de <a href=\"http:\/\/www20.gencat.cat\/portal\/site\/OVT\/menuitem.8d9f3f7e23c1cd519e629e30b0c0e1a0\/?vgnextoid=1b42e34e891e3210VgnVCM1000008d0c1e0aRCRD&amp;vgnextchannel=1b42e34e891e3210VgnVCM1000008d0c1e0aRCRD&amp;vgnextfmt=detall&amp;contentid=304877651ed8a31077651ed8a3108d0c1e0aRCRD\" target=\"_blank\">subvencions a entitats per al manteniment de programes de serveis socials<\/a> t\u00e9 per objecte el suport al finan\u00e7ament de programes de manteniment de serveis i establiments de serveis socials definits en l\u2019actual Cartera de Serveis Socials relatius a serveis especialitzats d\u2019atenci\u00f3 a la gent gran amb depend\u00e8ncia o risc social, a persones amb discapacitat, problem\u00e0tica social derivada de malaltia mental, drogodepend\u00e8ncies i\/o altres addiccions, afectades pel virus VIH\/SIDA o problem\u00e0tica social i risc d\u2019exclusi\u00f3 social.<\/p>\n<p>Les <a href=\"http:\/\/www20.gencat.cat\/portal\/site\/OVT\/menuitem.8d9f3f7e23c1cd519e629e30b0c0e1a0\/?vgnextoid=1def62f7381e3210VgnVCM1000008d0c1e0aRCRD&amp;vgnextchannel=1def62f7381e3210VgnVCM1000008d0c1e0aRCRD&amp;vgnextfmt=detall&amp;contentid=1656f8cf2e65f310VgnVCM1000008d0c1e0aRCRD\" target=\"_blank\">subvencions a entitats per a programes de serveis d\u2019atenci\u00f3 a la fam\u00edlia i de promoci\u00f3 de la gent gran activa<\/a> tenen per objecte el suport en el finan\u00e7ament de projectes o activitats referides a serveis d\u2019atenci\u00f3 a la fam\u00edlia, adre\u00e7ats a les fam\u00edlies per tal d\u2019acompanyar-les en la millora el seu benestar potenciant la pr\u00f2pia capacitat d\u2019afrontar i superar q\u00fcestions diverses de comunicaci\u00f3 i relaci\u00f3 que afecten l\u2019\u00e0mbit familiar; aix\u00ed com aquells projectes o activitats destinats a la promoci\u00f3 de la gent gran activa.<\/p>\n<p>La <a href=\"http:\/\/www20.gencat.cat\/portal\/site\/OVT\/menuitem.8d9f3f7e23c1cd519e629e30b0c0e1a0\/?vgnextoid=96bb7398b71e3210VgnVCM1000008d0c1e0aRCRD&amp;vgnextchannel=96bb7398b71e3210VgnVCM1000008d0c1e0aRCRD&amp;vgnextfmt=detall&amp;contentid=8a2877651ed8a31077651ed8a3108d0c1e0aRCRD\" target=\"_blank\">convocat\u00f2ria d&#8217;ajuts a entitats per a programes per al col\u00b7lectiu gai, lesbi\u00e0 i transsexual<\/a> t\u00e9 per objecte el suport en el finan\u00e7ament de les actuacions per a programes per al col\u00b7lectiu gai, lesbi\u00e0 i transsexual que portin a terme les entitats privades sense \u00e0nim de lucre.<\/p>\n<p>Les <a href=\"http:\/\/www20.gencat.cat\/portal\/site\/OVT\/menuitem.8d9f3f7e23c1cd519e629e30b0c0e1a0\/?vgnextoid=3734edf8fc0e3210VgnVCM1000008d0c1e0aRCRD&amp;vgnextchannel=3734edf8fc0e3210VgnVCM1000008d0c1e0aRCRD&amp;vgnextfmt=detall&amp;contentid=2078b650ebc8a310b650ebc8a3108d0c1e0aRCRD\" target=\"_blank\">subvencions a les associacions juvenils i entitats que ofereixen serveis a la joventut<\/a> van dirigides a la promoci\u00f3 de l\u2019associacionisme juvenil, mitjan\u00e7ant el suport als projectes d\u2019activitats de les associacions juvenils o de les entitats sense finalitat de lucre que facin serveis a la joventut.<!--:--><\/p>\n","protected":false},"excerpt":{"rendered":"<p>El Departament de Benestar Social i Fam\u00edlia de la Generalitat ha obert aquesta setmana 5 noves l\u00ednies d\u2019ajut dirigides a entitats en els \u00e0mbits de la participaci\u00f3 ciutadana i la&hellip;<\/p>\n","protected":false},"author":2,"featured_media":2041,"comment_status":"closed","ping_status":"closed","sticky":false,"template":"","format":"standard","meta":{"footnotes":""},"categories":[104,11],"tags":[41,52,37,38,65,17,51],"class_list":["post-2036","post","type-post","status-publish","format-standard","has-post-thumbnail","hentry","category-entitats-socials","category-taula-inclusio","tag-convocatories-dajuts","tag-entitats-de-la-taula","tag-envelliment-actiu","tag-gent-gran","tag-joves","tag-taula","tag-voluntariat","category-104","category-11","description-off"],"_links":{"self":[{"href":"https:\/\/inclusioaltemporda.cat\/portal\/wp-json\/wp\/v2\/posts\/2036","targetHints":{"allow":["GET"]}}],"collection":[{"href":"https:\/\/inclusioaltemporda.cat\/portal\/wp-json\/wp\/v2\/posts"}],"about":[{"href":"https:\/\/inclusioaltemporda.cat\/portal\/wp-json\/wp\/v2\/types\/post"}],"author":[{"embeddable":true,"href":"https:\/\/inclusioaltemporda.cat\/portal\/wp-json\/wp\/v2\/users\/2"}],"replies":[{"embeddable":true,"href":"https:\/\/inclusioaltemporda.cat\/portal\/wp-json\/wp\/v2\/comments?post=2036"}],"version-history":[{"count":10,"href":"https:\/\/inclusioaltemporda.cat\/portal\/wp-json\/wp\/v2\/posts\/2036\/revisions"}],"predecessor-version":[{"id":3359,"href":"https:\/\/inclusioaltemporda.cat\/portal\/wp-json\/wp\/v2\/posts\/2036\/revisions\/3359"}],"wp:featuredmedia":[{"embeddable":true,"href":"https:\/\/inclusioaltemporda.cat\/portal\/wp-json\/wp\/v2\/media\/2041"}],"wp:attachment":[{"href":"https:\/\/inclusioaltemporda.cat\/portal\/wp-json\/wp\/v2\/media?parent=2036"}],"wp:term":[{"taxonomy":"category","embeddable":true,"href":"https:\/\/inclusioaltemporda.cat\/portal\/wp-json\/wp\/v2\/categories?post=2036"},{"taxonomy":"post_tag","embeddable":true,"href":"https:\/\/inclusioaltemporda.cat\/portal\/wp-json\/wp\/v2\/tags?post=2036"}],"curies":[{"name":"wp","href":"https:\/\/api.w.org\/{rel}","templated":true}]}}