{"id":2046,"date":"2013-06-28T08:30:52","date_gmt":"2013-06-28T07:30:52","guid":{"rendered":"https:\/\/inclusioaltemporda.cat\/portal\/?p=2046"},"modified":"2016-02-01T09:22:27","modified_gmt":"2016-02-01T08:22:27","slug":"nova-convocatoria-de-la-taula-per-a-la-inclusio-3-de-juliol","status":"publish","type":"post","link":"https:\/\/inclusioaltemporda.cat\/portal\/nova-convocatoria-de-la-taula-per-a-la-inclusio-3-de-juliol\/","title":{"rendered":"Nova convocat\u00f2ria de la Taula per a la Inclusi\u00f3: 3 de juliol"},"content":{"rendered":"<p><!--:CA--><\/p>\n<div class=\"entry_content\">\n<p>El proper dia 3 de juliol tindr\u00e0 lloc una nova sessi\u00f3 de treball de la <a href=\"https:\/\/inclusioaltemporda.cat\/portal\/taula-per-a-la-inclusio\/\">Taula per a la Inclusi\u00f3 i la Cohesi\u00f3 Social<\/a> de l\u2019Alt Empord\u00e0. La Taula \u00e9s l\u2019espai de representaci\u00f3 de les entitats del tercer sector de la comarca i durant el proc\u00e9s d\u2019elaboraci\u00f3 i implementaci\u00f3 del Pla d\u2019Inclusi\u00f3 tamb\u00e9 funciona com a espai de participaci\u00f3 de refer\u00e8ncia.<\/p>\n<p>Aquesta sessi\u00f3, que ser\u00e0 la darrera del curs, servir\u00e0 per acabar de consensuar el Pla d&#8217;Inclusi\u00f3 i Cohesi\u00f3 social de l&#8217;Alt Empord\u00e0 amb el conjunt d&#8217;entitats de la Taula, que han estat implicades en l&#8217;elaboraci\u00f3 d&#8217;aquest durant els darrers sis mesos. Per altra banda, a la reuni\u00f3 tamb\u00e9 es far\u00e0 una revisi\u00f3 del curs per a entitats c\u00edviques i socials organitzat durant els mesos de maig i juny. Aquesta iniciativa, sorgida en el s\u00ed de la Taula ha comptat amb la participaci\u00f3 d&#8217;una quinzena d&#8217;entitats. Finalment, aquesta darrera sessi\u00f3 tamb\u00e9 servir\u00e0 per definir les principals accions que es duran a terme durant els propers mesos des de la Taula.<\/p>\n<p>En <a href=\"https:\/\/inclusioaltemporda.cat\/portal\/wp-content\/uploads\/OD-2013_07_03.pdf\">aquest enlla\u00e7<\/a> podeu consultar l\u2019ordre del dia de la reuni\u00f3. Totes les entitats socials i c\u00edviques de la comarca <a href=\"https:\/\/inclusioaltemporda.cat\/portal\/participa-a-la-xarxa-per-la-inclusio-social-de-lalt-emporda\/entitats\/\">que tingueu inter\u00e8s a con\u00e8ixer aquest espai<\/a> de participaci\u00f3 i a formar part del proc\u00e9s d\u2019elaboraci\u00f3 del Pla d\u2019Inclusi\u00f3 i Cohesi\u00f3 Social de la comarca esteu convidades a assistir-hi. Us recordem la data: 3 de juliol, a les 10h,\u00a0 a la sala de Plens del Consell Comarcal (c. Nou, 48 -Figueres).<\/p>\n<\/div>\n<p><!--:--><\/p>\n","protected":false},"excerpt":{"rendered":"<p>El proper dia 3 de juliol tindr\u00e0 lloc una nova sessi\u00f3 de treball de la Taula per a la Inclusi\u00f3 i la Cohesi\u00f3 Social de l\u2019Alt Empord\u00e0. La Taula \u00e9s&hellip;<\/p>\n","protected":false},"author":2,"featured_media":2048,"comment_status":"closed","ping_status":"closed","sticky":false,"template":"","format":"standard","meta":{"footnotes":""},"categories":[104,11],"tags":[52,24,16,17],"class_list":["post-2046","post","type-post","status-publish","format-standard","has-post-thumbnail","hentry","category-entitats-socials","category-taula-inclusio","tag-entitats-de-la-taula","tag-inclusio-social","tag-pla-inclusio","tag-taula","category-104","category-11","description-off"],"_links":{"self":[{"href":"https:\/\/inclusioaltemporda.cat\/portal\/wp-json\/wp\/v2\/posts\/2046","targetHints":{"allow":["GET"]}}],"collection":[{"href":"https:\/\/inclusioaltemporda.cat\/portal\/wp-json\/wp\/v2\/posts"}],"about":[{"href":"https:\/\/inclusioaltemporda.cat\/portal\/wp-json\/wp\/v2\/types\/post"}],"author":[{"embeddable":true,"href":"https:\/\/inclusioaltemporda.cat\/portal\/wp-json\/wp\/v2\/users\/2"}],"replies":[{"embeddable":true,"href":"https:\/\/inclusioaltemporda.cat\/portal\/wp-json\/wp\/v2\/comments?post=2046"}],"version-history":[{"count":6,"href":"https:\/\/inclusioaltemporda.cat\/portal\/wp-json\/wp\/v2\/posts\/2046\/revisions"}],"predecessor-version":[{"id":3589,"href":"https:\/\/inclusioaltemporda.cat\/portal\/wp-json\/wp\/v2\/posts\/2046\/revisions\/3589"}],"wp:featuredmedia":[{"embeddable":true,"href":"https:\/\/inclusioaltemporda.cat\/portal\/wp-json\/wp\/v2\/media\/2048"}],"wp:attachment":[{"href":"https:\/\/inclusioaltemporda.cat\/portal\/wp-json\/wp\/v2\/media?parent=2046"}],"wp:term":[{"taxonomy":"category","embeddable":true,"href":"https:\/\/inclusioaltemporda.cat\/portal\/wp-json\/wp\/v2\/categories?post=2046"},{"taxonomy":"post_tag","embeddable":true,"href":"https:\/\/inclusioaltemporda.cat\/portal\/wp-json\/wp\/v2\/tags?post=2046"}],"curies":[{"name":"wp","href":"https:\/\/api.w.org\/{rel}","templated":true}]}}