{"id":2053,"date":"2013-07-01T09:40:58","date_gmt":"2013-07-01T08:40:58","guid":{"rendered":"https:\/\/inclusioaltemporda.cat\/portal\/?p=2053"},"modified":"2016-02-01T09:22:27","modified_gmt":"2016-02-01T08:22:27","slug":"dipsalut-posa-en-marxa-el-programa-salut-i-crisi-destinat-a-millorar-la-salut-de-les-persones-afectades-per-la-crisi-economica-a-les-comarques-gironines","status":"publish","type":"post","link":"https:\/\/inclusioaltemporda.cat\/portal\/dipsalut-posa-en-marxa-el-programa-salut-i-crisi-destinat-a-millorar-la-salut-de-les-persones-afectades-per-la-crisi-economica-a-les-comarques-gironines\/","title":{"rendered":"Dipsalut posa en marxa el programa \u201cSalut i Crisi\u201d destinat a millorar la salut de les persones afectades per la crisi econ\u00f2mica a les comarques gironines"},"content":{"rendered":"<p><!--:CA--><a title=\"Dipsalut\" href=\"http:\/\/www.dipsalut.cat\/\">Dipsalut<\/a>, l\u2019organisme de salut p\u00fablica de la Diputaci\u00f3 de Girona, ha posat en marxa un programa de suport econ\u00f2mic als recursos i iniciatives orientats a millorar la salut de les persones m\u00e9s afectades per la crisi econ\u00f2mica a les comarques de Girona.<\/p>\n<p>El programa, que es preveu que estigui vigent els propers tres anys, tindr\u00e0 abast comarcal per cobrir les necessitats de tot el territori giron\u00ed comptar\u00e0 amb una dotaci\u00f3 pressupost\u00e0ria d&#8217;un mili\u00f3 d&#8217;euros per a l&#8217;any 2013. El programa finan\u00e7ar\u00e0 econ\u00f2micament dispositius que ja estan en funcionament orientats a facilitar serveis en l&#8217;\u00e0mbit de l\u2019alimentaci\u00f3, la higiene i la roba dels infants, aix\u00ed com el restabliment del benestar emocional de les persones afectades per processos vinculats a la crisi econ\u00f2mica (p\u00e8rdua de feina o d\u2019habitatge).<\/p>\n<p>En els propers tres anys, Dipsalut donar\u00e0 suport econ\u00f2mic als projectes destinats directament a pal\u00b7liar l\u2019impacte dels efectes de la crisi en la salut de les persones, i promour\u00e0 la creaci\u00f3 i el refor\u00e7ament d\u2019aquelles estructures que permetin treballar de manera coordinada amb les fam\u00edlies. Alhora, Dipsalut treballar\u00e0 per consolidar noves formes de col\u00b7laboraci\u00f3 i de treball en xarxa, que permetin reorientar les actuacions per tal que siguin m\u00e9s efectives i m\u00e9s eficients en el conjunt del territori.<\/p>\n<p>El programa tindr\u00e0 en compte les diferents realitats coexistents a les comarques gironines i es treballar\u00e0 a partir de taules de coordinaci\u00f3 comarcals que articularan aquells dispositius que els agents de cada comarca hagin considerat prioritaris. En tot el proc\u00e9s, Dipsalut vetllar\u00e0 per l\u2019equitat en la distribuci\u00f3 dels recursos i per la potenciaci\u00f3 d\u2019estructures de treball comunitari que facilitin la integraci\u00f3 de dispositius. Per altra banda, Dipsalut facilitar\u00e0 als professionals i als voluntaris uns espais d\u2019acci\u00f3-reflexi\u00f3-formaci\u00f3 per tal d\u2019avan\u00e7ar en les l\u00f2giques de treball en xarxa, i oferir\u00e0 accions de suport a la seva tasca.<!--:--><\/p>\n","protected":false},"excerpt":{"rendered":"<p>Dipsalut, l\u2019organisme de salut p\u00fablica de la Diputaci\u00f3 de Girona, ha posat en marxa un programa de suport econ\u00f2mic als recursos i iniciatives orientats a millorar la salut de les&hellip;<\/p>\n","protected":false},"author":3,"featured_media":2055,"comment_status":"closed","ping_status":"closed","sticky":false,"template":"","format":"standard","meta":{"footnotes":""},"categories":[106,104,108,11],"tags":[27,24],"class_list":["post-2053","post","type-post","status-publish","format-standard","has-post-thumbnail","hentry","category-administracions","category-entitats-socials","category-mitjans-comunicacio","category-taula-inclusio","tag-benestar-ccae","tag-inclusio-social","category-106","category-104","category-108","category-11","description-off"],"_links":{"self":[{"href":"https:\/\/inclusioaltemporda.cat\/portal\/wp-json\/wp\/v2\/posts\/2053","targetHints":{"allow":["GET"]}}],"collection":[{"href":"https:\/\/inclusioaltemporda.cat\/portal\/wp-json\/wp\/v2\/posts"}],"about":[{"href":"https:\/\/inclusioaltemporda.cat\/portal\/wp-json\/wp\/v2\/types\/post"}],"author":[{"embeddable":true,"href":"https:\/\/inclusioaltemporda.cat\/portal\/wp-json\/wp\/v2\/users\/3"}],"replies":[{"embeddable":true,"href":"https:\/\/inclusioaltemporda.cat\/portal\/wp-json\/wp\/v2\/comments?post=2053"}],"version-history":[{"count":6,"href":"https:\/\/inclusioaltemporda.cat\/portal\/wp-json\/wp\/v2\/posts\/2053\/revisions"}],"predecessor-version":[{"id":3355,"href":"https:\/\/inclusioaltemporda.cat\/portal\/wp-json\/wp\/v2\/posts\/2053\/revisions\/3355"}],"wp:featuredmedia":[{"embeddable":true,"href":"https:\/\/inclusioaltemporda.cat\/portal\/wp-json\/wp\/v2\/media\/2055"}],"wp:attachment":[{"href":"https:\/\/inclusioaltemporda.cat\/portal\/wp-json\/wp\/v2\/media?parent=2053"}],"wp:term":[{"taxonomy":"category","embeddable":true,"href":"https:\/\/inclusioaltemporda.cat\/portal\/wp-json\/wp\/v2\/categories?post=2053"},{"taxonomy":"post_tag","embeddable":true,"href":"https:\/\/inclusioaltemporda.cat\/portal\/wp-json\/wp\/v2\/tags?post=2053"}],"curies":[{"name":"wp","href":"https:\/\/api.w.org\/{rel}","templated":true}]}}