{"id":2061,"date":"2013-07-04T08:54:51","date_gmt":"2013-07-04T07:54:51","guid":{"rendered":"https:\/\/inclusioaltemporda.cat\/portal\/?p=2061"},"modified":"2016-02-01T09:22:26","modified_gmt":"2016-02-01T08:22:26","slug":"professionals-de-larea-de-benestar-participen-en-un-curs-detica-aplicada-a-la-intervencio-social","status":"publish","type":"post","link":"https:\/\/inclusioaltemporda.cat\/portal\/professionals-de-larea-de-benestar-participen-en-un-curs-detica-aplicada-a-la-intervencio-social\/","title":{"rendered":"Professionals de l&#8217;\u00e0rea de Benestar participen en un curs d&#8217;\u00e8tica aplicada a la intervenci\u00f3 social"},"content":{"rendered":"<p><!--:CA--><\/p>\n<div>17 professionals de diferents disciplines de l&#8217;\u00e0rea de Benestar han participat en un curs d&#8217;\u00e8tica aplicada a la intervenci\u00f3 social impartit pel <a title=\"Dr. Joan Canimas\" href=\"http:\/\/etica.campusarnau.org\/2009\/ca\/personal\/2-canimas-brugu-joan.html\">Dr. Joan Canimas<\/a>, fil\u00f2sof i membre de l&#8217;Observatori d&#8217;\u00c8tica Aplicada del <a title=\"Campus Arnau Escala de Girona \" href=\"http:\/\/campusarnau.org\/2009\/\">Campus Arnau Escala de Girona<\/a>.<\/div>\n<div><\/div>\n<div><\/div>\n<div>El curs celebrat en dues sessions a la seu del Consell Comarcal, ha tingut com a finalitat introduir la reflexi\u00f3 sobre les q\u00fcestions \u00e8tiques que genera la nostra pr\u00e0ctica professional i posar en marxa\u00a0 en els nostres serveis i programes processos que facilitin la implementaci\u00f3 de l&#8217;\u00e8tica aplicada. La voluntat de la direcci\u00f3 de l&#8217;\u00e0rea de Benestar \u00e9s promoure en els propers mesos\u00a0 un Comit\u00e8 d&#8217;\u00c8tica en l&#8217;\u00e0mbit de la intervenci\u00f3 social.<\/div>\n<p><span style=\"font-family: Arial; font-size: small;\"><span class=\"263501507-23052013\">\u00a0<\/span><\/span><!--:--><\/p>\n","protected":false},"excerpt":{"rendered":"<p>17 professionals de diferents disciplines de l&#8217;\u00e0rea de Benestar han participat en un curs d&#8217;\u00e8tica aplicada a la intervenci\u00f3 social impartit pel Dr. Joan Canimas, fil\u00f2sof i membre de l&#8217;Observatori&hellip;<\/p>\n","protected":false},"author":3,"featured_media":1809,"comment_status":"closed","ping_status":"closed","sticky":false,"template":"","format":"standard","meta":{"footnotes":""},"categories":[100,107,108,102],"tags":[34,27,76,24],"class_list":["post-2061","post","type-post","status-publish","format-standard","has-post-thumbnail","hentry","category-area-benestar","category-centres-recerca-universitats","category-mitjans-comunicacio","category-professionals-ambit-social","tag-aula-professionals","tag-benestar-ccae","tag-comite-etica","tag-inclusio-social","category-100","category-107","category-108","category-102","description-off"],"_links":{"self":[{"href":"https:\/\/inclusioaltemporda.cat\/portal\/wp-json\/wp\/v2\/posts\/2061","targetHints":{"allow":["GET"]}}],"collection":[{"href":"https:\/\/inclusioaltemporda.cat\/portal\/wp-json\/wp\/v2\/posts"}],"about":[{"href":"https:\/\/inclusioaltemporda.cat\/portal\/wp-json\/wp\/v2\/types\/post"}],"author":[{"embeddable":true,"href":"https:\/\/inclusioaltemporda.cat\/portal\/wp-json\/wp\/v2\/users\/3"}],"replies":[{"embeddable":true,"href":"https:\/\/inclusioaltemporda.cat\/portal\/wp-json\/wp\/v2\/comments?post=2061"}],"version-history":[{"count":7,"href":"https:\/\/inclusioaltemporda.cat\/portal\/wp-json\/wp\/v2\/posts\/2061\/revisions"}],"predecessor-version":[{"id":3590,"href":"https:\/\/inclusioaltemporda.cat\/portal\/wp-json\/wp\/v2\/posts\/2061\/revisions\/3590"}],"wp:featuredmedia":[{"embeddable":true,"href":"https:\/\/inclusioaltemporda.cat\/portal\/wp-json\/wp\/v2\/media\/1809"}],"wp:attachment":[{"href":"https:\/\/inclusioaltemporda.cat\/portal\/wp-json\/wp\/v2\/media?parent=2061"}],"wp:term":[{"taxonomy":"category","embeddable":true,"href":"https:\/\/inclusioaltemporda.cat\/portal\/wp-json\/wp\/v2\/categories?post=2061"},{"taxonomy":"post_tag","embeddable":true,"href":"https:\/\/inclusioaltemporda.cat\/portal\/wp-json\/wp\/v2\/tags?post=2061"}],"curies":[{"name":"wp","href":"https:\/\/api.w.org\/{rel}","templated":true}]}}