{"id":2067,"date":"2013-07-05T08:36:58","date_gmt":"2013-07-05T07:36:58","guid":{"rendered":"https:\/\/inclusioaltemporda.cat\/portal\/?p=2067"},"modified":"2016-02-01T09:22:26","modified_gmt":"2016-02-01T08:22:26","slug":"la-taula-per-a-la-inclusio-i-el-comite-executiu-validen-el-pla-per-a-la-inclusio-2013-2016","status":"publish","type":"post","link":"https:\/\/inclusioaltemporda.cat\/portal\/la-taula-per-a-la-inclusio-i-el-comite-executiu-validen-el-pla-per-a-la-inclusio-2013-2016\/","title":{"rendered":"La Taula per a la Inclusi\u00f3 i el Comit\u00e9 Executiu validen el Pla per a la Inclusi\u00f3 2013-2016"},"content":{"rendered":"<p><!--:CA-->Aquesta setmana la Taula per a la Inclusi\u00f3 i el Comit\u00e8 Executiu del Pla han treballat el pla d&#8217;acci\u00f3 del Pla d&#8217;Inclusi\u00f3, document que recull les accions i els objectius operatius que concreten sobre el territori els principis definits en el Pacte per a la Inclusi\u00f3 Social, subscrit el 30 d&#8217;abril passat pels ens locals i les entitats participants en el proc\u00e9s.<\/p>\n<p>Un cop recollides les aportacions fetes en el s\u00ed d&#8217;aquests espais de treball, el Pla per a la Inclusi\u00f3 i la Cohesi\u00f3 Social de l&#8217;Alt Empord\u00e0 2013-2016 entra en l&#8217;etapa final d&#8217;aprovaci\u00f3. El document consensuat i validat aquesta setmana ser\u00e0 sotm\u00e8s a l&#8217;aprovaci\u00f3 del Comit\u00e8 Directiu i posteriorment al Plenari del Consell Comarcal durant el mes de juliol.<\/p>\n<p>El Pla per a la Inclusi\u00f3 i la Cohesi\u00f3 Social de l\u2019Alt Empord\u00e0 \u00e9s una eina de treball estrat\u00e8gica del Consell Comarcal per millorar les condicions de vida de la poblaci\u00f3 de la comarca i refor\u00e7ar la cohesi\u00f3 social. El proc\u00e9s de treball duta terme durant els darrers mesos ha perm\u00e8s definir i prioritzar les l\u00ednies de treball i accions que han de marcar el cam\u00ed de l&#8217;administraci\u00f3 i les entitats socials de la comarca en l&#8217;\u00e0mbit del benestar per als propers anys.<!--:--><\/p>\n","protected":false},"excerpt":{"rendered":"<p>Aquesta setmana la Taula per a la Inclusi\u00f3 i el Comit\u00e8 Executiu del Pla han treballat el pla d&#8217;acci\u00f3 del Pla d&#8217;Inclusi\u00f3, document que recull les accions i els objectius&hellip;<\/p>\n","protected":false},"author":2,"featured_media":1830,"comment_status":"closed","ping_status":"closed","sticky":false,"template":"","format":"standard","meta":{"footnotes":""},"categories":[101,105,104,108,12,11],"tags":[27,55,16,17],"class_list":["post-2067","post","type-post","status-publish","format-standard","has-post-thumbnail","hentry","category-ciutadania","category-empreses","category-entitats-socials","category-mitjans-comunicacio","category-pla-dinclusio-2","category-taula-inclusio","tag-benestar-ccae","tag-document-de-bases-pla","tag-pla-inclusio","tag-taula","category-101","category-105","category-104","category-108","category-12","category-11","description-off"],"_links":{"self":[{"href":"https:\/\/inclusioaltemporda.cat\/portal\/wp-json\/wp\/v2\/posts\/2067","targetHints":{"allow":["GET"]}}],"collection":[{"href":"https:\/\/inclusioaltemporda.cat\/portal\/wp-json\/wp\/v2\/posts"}],"about":[{"href":"https:\/\/inclusioaltemporda.cat\/portal\/wp-json\/wp\/v2\/types\/post"}],"author":[{"embeddable":true,"href":"https:\/\/inclusioaltemporda.cat\/portal\/wp-json\/wp\/v2\/users\/2"}],"replies":[{"embeddable":true,"href":"https:\/\/inclusioaltemporda.cat\/portal\/wp-json\/wp\/v2\/comments?post=2067"}],"version-history":[{"count":7,"href":"https:\/\/inclusioaltemporda.cat\/portal\/wp-json\/wp\/v2\/posts\/2067\/revisions"}],"predecessor-version":[{"id":3350,"href":"https:\/\/inclusioaltemporda.cat\/portal\/wp-json\/wp\/v2\/posts\/2067\/revisions\/3350"}],"wp:featuredmedia":[{"embeddable":true,"href":"https:\/\/inclusioaltemporda.cat\/portal\/wp-json\/wp\/v2\/media\/1830"}],"wp:attachment":[{"href":"https:\/\/inclusioaltemporda.cat\/portal\/wp-json\/wp\/v2\/media?parent=2067"}],"wp:term":[{"taxonomy":"category","embeddable":true,"href":"https:\/\/inclusioaltemporda.cat\/portal\/wp-json\/wp\/v2\/categories?post=2067"},{"taxonomy":"post_tag","embeddable":true,"href":"https:\/\/inclusioaltemporda.cat\/portal\/wp-json\/wp\/v2\/tags?post=2067"}],"curies":[{"name":"wp","href":"https:\/\/api.w.org\/{rel}","templated":true}]}}