{"id":2073,"date":"2013-07-08T09:58:20","date_gmt":"2013-07-08T08:58:20","guid":{"rendered":"https:\/\/inclusioaltemporda.cat\/portal\/?p=2073"},"modified":"2016-02-01T09:22:26","modified_gmt":"2016-02-01T08:22:26","slug":"presentacio-del-grup-iris-a-figueres","status":"publish","type":"post","link":"https:\/\/inclusioaltemporda.cat\/portal\/presentacio-del-grup-iris-a-figueres\/","title":{"rendered":"Presentaci\u00f3 del Grup Iris a Figueres"},"content":{"rendered":"<p><!--:CA-->El<a title=\"Grup Iris\" href=\"https:\/\/sites.google.com\/site\/donescontraelcancer\/\"> Grup Iris<\/a>, associaci\u00f3 altempordanesa de dones afectades pel c\u00e0ncer de mama i entitat de la Taula per a la Inclusi\u00f3 i la Cohesi\u00f3 Social de l&#8217;Alt Empord\u00e0, convida a la seva presentaci\u00f3 p\u00fablica que tindr\u00e0 lloc el proper divendres, 12 de juliol, a les 20:00h. al vest\u00edbul del Teatre Jard\u00ed de Figueres.<\/p>\n<p>El Grup Iris \u00e9s una entitat creada recentment per un grup de dones de la comarca de l&#8217;Alt Empord\u00e0 per tal de donar suport a les dones afectades pel c\u00e0ncer de mama. Aquesta entitat t\u00e9 com a objectiu facilitar suport i acompanyament a les dones de la comarca que lluiten contra aquesta malaltia.<\/p>\n<p>L&#8217;objectiu de l&#8217;associaci\u00f3 \u00e9s donar suport emocional a les dones afectades; promoure estrat\u00e8gies pro actives d&#8217;enfrontament del diagn\u00f2stic i del procediment de curaci\u00f3 i afavorir la participaci\u00f3 al grup i l&#8217;autoajuda. Amb aquesta finalitat s&#8217;organitzen trobades de grup per a suport psicol\u00f2gic, tallers de creixement personal (meditaci\u00f3, ioga, alimentaci\u00f3), confer\u00e8ncies, xerrades i cursos formatius\u00a0 i es promouen activitats culturals i sortides conjuntes amb d&#8217;altres entitats per col\u00b7laborar en xarxa.<!--:--><\/p>\n","protected":false},"excerpt":{"rendered":"<p>El Grup Iris, associaci\u00f3 altempordanesa de dones afectades pel c\u00e0ncer de mama i entitat de la Taula per a la Inclusi\u00f3 i la Cohesi\u00f3 Social de l&#8217;Alt Empord\u00e0, convida a&hellip;<\/p>\n","protected":false},"author":3,"featured_media":2081,"comment_status":"closed","ping_status":"closed","sticky":false,"template":"","format":"standard","meta":{"footnotes":""},"categories":[101,105,104,108,11],"tags":[24,17],"class_list":["post-2073","post","type-post","status-publish","format-standard","has-post-thumbnail","hentry","category-ciutadania","category-empreses","category-entitats-socials","category-mitjans-comunicacio","category-taula-inclusio","tag-inclusio-social","tag-taula","category-101","category-105","category-104","category-108","category-11","description-off"],"_links":{"self":[{"href":"https:\/\/inclusioaltemporda.cat\/portal\/wp-json\/wp\/v2\/posts\/2073","targetHints":{"allow":["GET"]}}],"collection":[{"href":"https:\/\/inclusioaltemporda.cat\/portal\/wp-json\/wp\/v2\/posts"}],"about":[{"href":"https:\/\/inclusioaltemporda.cat\/portal\/wp-json\/wp\/v2\/types\/post"}],"author":[{"embeddable":true,"href":"https:\/\/inclusioaltemporda.cat\/portal\/wp-json\/wp\/v2\/users\/3"}],"replies":[{"embeddable":true,"href":"https:\/\/inclusioaltemporda.cat\/portal\/wp-json\/wp\/v2\/comments?post=2073"}],"version-history":[{"count":8,"href":"https:\/\/inclusioaltemporda.cat\/portal\/wp-json\/wp\/v2\/posts\/2073\/revisions"}],"predecessor-version":[{"id":3348,"href":"https:\/\/inclusioaltemporda.cat\/portal\/wp-json\/wp\/v2\/posts\/2073\/revisions\/3348"}],"wp:featuredmedia":[{"embeddable":true,"href":"https:\/\/inclusioaltemporda.cat\/portal\/wp-json\/wp\/v2\/media\/2081"}],"wp:attachment":[{"href":"https:\/\/inclusioaltemporda.cat\/portal\/wp-json\/wp\/v2\/media?parent=2073"}],"wp:term":[{"taxonomy":"category","embeddable":true,"href":"https:\/\/inclusioaltemporda.cat\/portal\/wp-json\/wp\/v2\/categories?post=2073"},{"taxonomy":"post_tag","embeddable":true,"href":"https:\/\/inclusioaltemporda.cat\/portal\/wp-json\/wp\/v2\/tags?post=2073"}],"curies":[{"name":"wp","href":"https:\/\/api.w.org\/{rel}","templated":true}]}}