{"id":2086,"date":"2013-07-09T10:18:02","date_gmt":"2013-07-09T09:18:02","guid":{"rendered":"https:\/\/inclusioaltemporda.cat\/portal\/?p=2086"},"modified":"2016-02-01T09:22:26","modified_gmt":"2016-02-01T08:22:26","slug":"avancar-en-igualtat-i-drets-socials-4t-congres-del-tercer-sector-el-proper-mes-de-novembre","status":"publish","type":"post","link":"https:\/\/inclusioaltemporda.cat\/portal\/avancar-en-igualtat-i-drets-socials-4t-congres-del-tercer-sector-el-proper-mes-de-novembre\/","title":{"rendered":"&#8220;Avan\u00e7ar en igualtat i drets socials&#8221;, 4t Congr\u00e8s del Tercer Sector el proper mes de novembre"},"content":{"rendered":"<p><!--:CA-->La <a title=\"Taula d'Entitats del Tercer Sector Social de Catalunya\" href=\"http:\/\/www.tercersector.cat\/\">Taula d&#8217;Entitats del Tercer Sector Social de Catalunya <\/a>est\u00e0 organitzant el IV Congr\u00e9s del Tercer Sector Social que se celebrar\u00e0 els dies 27, 28 i 29 de novembre a Barcelona sota el lema &#8216;Avan\u00e7ar en igualtat i drets socials&#8217;.<\/p>\n<p>El Congr\u00e9s vol ser l\u2019espai de trobada, de reflexi\u00f3 i de projecci\u00f3 del conjunt del Tercer Sector Social a Catalunya i t\u00e9 com a finalitat avan\u00e7ar per tal que el tercer sector sigui m\u00e9s fort, m\u00e9s comprom\u00e8s, m\u00e9s reconegut i m\u00e9s influent.<\/p>\n<p>Les inscripcions per assistir a aquest IV Congr\u00e8s ja estan obertes i podeu accedir a tota la informaci\u00f3 i programa previst en aquest <a title=\"enlla\u00e7\" href=\"http:\/\/www.congrestercersector.cat\/\">enlla\u00e7<\/a> i seguir les not\u00edcies relatives a aquest esdeveniment via twitter @Taula3sector i facebook.<!--:--><\/p>\n","protected":false},"excerpt":{"rendered":"<p>La Taula d&#8217;Entitats del Tercer Sector Social de Catalunya est\u00e0 organitzant el IV Congr\u00e9s del Tercer Sector Social que se celebrar\u00e0 els dies 27, 28 i 29 de novembre a&hellip;<\/p>\n","protected":false},"author":3,"featured_media":2087,"comment_status":"closed","ping_status":"closed","sticky":false,"template":"","format":"standard","meta":{"footnotes":""},"categories":[104,108,102,11],"tags":[24,17],"class_list":["post-2086","post","type-post","status-publish","format-standard","has-post-thumbnail","hentry","category-entitats-socials","category-mitjans-comunicacio","category-professionals-ambit-social","category-taula-inclusio","tag-inclusio-social","tag-taula","category-104","category-108","category-102","category-11","description-off"],"_links":{"self":[{"href":"https:\/\/inclusioaltemporda.cat\/portal\/wp-json\/wp\/v2\/posts\/2086","targetHints":{"allow":["GET"]}}],"collection":[{"href":"https:\/\/inclusioaltemporda.cat\/portal\/wp-json\/wp\/v2\/posts"}],"about":[{"href":"https:\/\/inclusioaltemporda.cat\/portal\/wp-json\/wp\/v2\/types\/post"}],"author":[{"embeddable":true,"href":"https:\/\/inclusioaltemporda.cat\/portal\/wp-json\/wp\/v2\/users\/3"}],"replies":[{"embeddable":true,"href":"https:\/\/inclusioaltemporda.cat\/portal\/wp-json\/wp\/v2\/comments?post=2086"}],"version-history":[{"count":7,"href":"https:\/\/inclusioaltemporda.cat\/portal\/wp-json\/wp\/v2\/posts\/2086\/revisions"}],"predecessor-version":[{"id":3353,"href":"https:\/\/inclusioaltemporda.cat\/portal\/wp-json\/wp\/v2\/posts\/2086\/revisions\/3353"}],"wp:featuredmedia":[{"embeddable":true,"href":"https:\/\/inclusioaltemporda.cat\/portal\/wp-json\/wp\/v2\/media\/2087"}],"wp:attachment":[{"href":"https:\/\/inclusioaltemporda.cat\/portal\/wp-json\/wp\/v2\/media?parent=2086"}],"wp:term":[{"taxonomy":"category","embeddable":true,"href":"https:\/\/inclusioaltemporda.cat\/portal\/wp-json\/wp\/v2\/categories?post=2086"},{"taxonomy":"post_tag","embeddable":true,"href":"https:\/\/inclusioaltemporda.cat\/portal\/wp-json\/wp\/v2\/tags?post=2086"}],"curies":[{"name":"wp","href":"https:\/\/api.w.org\/{rel}","templated":true}]}}