{"id":2094,"date":"2013-07-10T11:35:11","date_gmt":"2013-07-10T10:35:11","guid":{"rendered":"https:\/\/inclusioaltemporda.cat\/portal\/?p=2094"},"modified":"2016-02-01T09:22:26","modified_gmt":"2016-02-01T08:22:26","slug":"el-pla-per-a-la-inclusio-i-la-cohesio-social-de-lalt-emporda-2013-2016-es-validat-pel-comite-directiu","status":"publish","type":"post","link":"https:\/\/inclusioaltemporda.cat\/portal\/el-pla-per-a-la-inclusio-i-la-cohesio-social-de-lalt-emporda-2013-2016-es-validat-pel-comite-directiu\/","title":{"rendered":"El Pla per a la Inclusi\u00f3 i la Cohesi\u00f3 Social de l&#8217;Alt Empord\u00e0 2013-2016 \u00e9s validat pel Comit\u00e8 Directiu"},"content":{"rendered":"<p><!--:CA-->Aquest mat\u00ed el Comit\u00e8 Directiu, organ pol\u00edtic que acompanya el proc\u00e9s d&#8217;elaboraci\u00f3 del Pla per a la Inclusi\u00f3 i la Cohesi\u00f3 Social de l&#8217;Alt Empord\u00e0, ha validat el document definitiu del Pla que preveu els objectius estrat\u00e8gics, objectius operatius i accions per dur a terme en el per\u00edode 2013-2016 a la comarca.<\/p>\n<p>El Comit\u00e8 Directiu,\u00a0 presidit pel President del Consell Comarcal i alcalde de Castell\u00f3 d&#8217;Emp\u00faries, Xavier Sanlleh\u00ed, i integrat pels consellers comarcals de les \u00e0rees de Benestar, de Joventut, d&#8217;Habitatge i de Promoci\u00f3 Econ\u00f2mica, per l&#8217;alcaldessa de La Jonquera i els regidors i regidores de benestar dels ajuntaments de Roses, Castell\u00f3 d&#8217;Emp\u00faries i L&#8217;Escala, ha debatut i aprovat el document final del Pla i ha donat llum verda a la seva presentaci\u00f3 en el consell plenari del Consell Comarcal que se celebrar\u00e0 aquest mes de juliol, per tal que el Pla sigui aprovat definitivament.<!--:--><\/p>\n","protected":false},"excerpt":{"rendered":"<p>Aquest mat\u00ed el Comit\u00e8 Directiu, organ pol\u00edtic que acompanya el proc\u00e9s d&#8217;elaboraci\u00f3 del Pla per a la Inclusi\u00f3 i la Cohesi\u00f3 Social de l&#8217;Alt Empord\u00e0, ha validat el document definitiu&hellip;<\/p>\n","protected":false},"author":3,"featured_media":2104,"comment_status":"closed","ping_status":"closed","sticky":false,"template":"","format":"standard","meta":{"footnotes":""},"categories":[106,101,105,104,108,11],"tags":[24,16],"class_list":["post-2094","post","type-post","status-publish","format-standard","has-post-thumbnail","hentry","category-administracions","category-ciutadania","category-empreses","category-entitats-socials","category-mitjans-comunicacio","category-taula-inclusio","tag-inclusio-social","tag-pla-inclusio","category-106","category-101","category-105","category-104","category-108","category-11","description-off"],"_links":{"self":[{"href":"https:\/\/inclusioaltemporda.cat\/portal\/wp-json\/wp\/v2\/posts\/2094","targetHints":{"allow":["GET"]}}],"collection":[{"href":"https:\/\/inclusioaltemporda.cat\/portal\/wp-json\/wp\/v2\/posts"}],"about":[{"href":"https:\/\/inclusioaltemporda.cat\/portal\/wp-json\/wp\/v2\/types\/post"}],"author":[{"embeddable":true,"href":"https:\/\/inclusioaltemporda.cat\/portal\/wp-json\/wp\/v2\/users\/3"}],"replies":[{"embeddable":true,"href":"https:\/\/inclusioaltemporda.cat\/portal\/wp-json\/wp\/v2\/comments?post=2094"}],"version-history":[{"count":11,"href":"https:\/\/inclusioaltemporda.cat\/portal\/wp-json\/wp\/v2\/posts\/2094\/revisions"}],"predecessor-version":[{"id":3354,"href":"https:\/\/inclusioaltemporda.cat\/portal\/wp-json\/wp\/v2\/posts\/2094\/revisions\/3354"}],"wp:featuredmedia":[{"embeddable":true,"href":"https:\/\/inclusioaltemporda.cat\/portal\/wp-json\/wp\/v2\/media\/2104"}],"wp:attachment":[{"href":"https:\/\/inclusioaltemporda.cat\/portal\/wp-json\/wp\/v2\/media?parent=2094"}],"wp:term":[{"taxonomy":"category","embeddable":true,"href":"https:\/\/inclusioaltemporda.cat\/portal\/wp-json\/wp\/v2\/categories?post=2094"},{"taxonomy":"post_tag","embeddable":true,"href":"https:\/\/inclusioaltemporda.cat\/portal\/wp-json\/wp\/v2\/tags?post=2094"}],"curies":[{"name":"wp","href":"https:\/\/api.w.org\/{rel}","templated":true}]}}