{"id":2111,"date":"2013-07-11T09:18:07","date_gmt":"2013-07-11T08:18:07","guid":{"rendered":"https:\/\/inclusioaltemporda.cat\/portal\/?p=2111"},"modified":"2016-02-01T09:22:25","modified_gmt":"2016-02-01T08:22:25","slug":"memoria-2012-de-larea-de-benestar-social-del-consell-comarcal","status":"publish","type":"post","link":"https:\/\/inclusioaltemporda.cat\/portal\/memoria-2012-de-larea-de-benestar-social-del-consell-comarcal\/","title":{"rendered":"Mem\u00f2ria 2012 de l&#8217;\u00c0rea de Benestar Social del Consell Comarcal"},"content":{"rendered":"<p><!--:CA-->L&#8217;\u00c0rea de Benestar Social ha fet publica la <a href=\"https:\/\/inclusioaltemporda.cat\/portal\/wp-content\/uploads\/MEM%C3%92RIA-SERVEIS-SOCIALS.pdf\">mem\u00f2ria anual d&#8217;activitats<\/a> de l&#8217;any 2012, document que publica anualment des de l&#8217;any 2004 amb l&#8217;objectiu de facilitar informaci\u00f3 sobre l&#8217;activitat de l&#8217;\u00e0rea a la ciutadania i als diversos agents de la comarca, tot refor\u00e7ant els principis de transpar\u00e8ncia, accessibilitat, participaci\u00f3 i rendiment de comptes de l&#8217;administraci\u00f3 comarcal.<\/p>\n<p>L&#8217;Alt Empord\u00e0 tenia l&#8217;any 2012 una poblaci\u00f3 diversa de 141.517 habitants. Un 17 % de la poblaci\u00f3 era major de 65 anys i un 28% de la poblaci\u00f3 era d&#8217;origen estranger. La taxa de risc de pobresa per al conjunt de Catalunya era del 19,1% (18% en els homes i 20,3% en les dones). En aquest context, cal destacar com mentre que l&#8217;any 2004 la poblaci\u00f3 atesa pels serveis socials b\u00e0sics representava el 5,7% del total de la comarca, l&#8217;any 2012 la poblaci\u00f3 atesa ha estat el 12,4%.<\/p>\n<p>L&#8217;\u00c0rea de Benestar compta amb un equip de 58 persones i amb una xarxa d&#8217;entitats socials i agents del tercer sector que, des des les seves diverses responsabilitats, fan una atenci\u00f3 personal di\u00e0ria a un nombre important de ciutadans i ciutadanes de la comarca que requereixen suport i acompanyament.<\/p>\n<p>La Mem\u00f2ria presenta la informaci\u00f3 en 10 cap\u00edtols que faciliten la lectura dels resultats dels diferents serveis i de les activitats desplegades al llarg dels darrers anys i compta amb un cap\u00edtol final que resumeix les dades m\u00e9s rellevants de l&#8217;any 2012.\u00a0Enguany aquesta Mem\u00f2ria ha fet una an\u00e0lisi comparada dels resultats de l&#8217;any 2012 amb els dels anys 2004, 2008 i 2011. La informaci\u00f3 del darrer exercici es presenta tot fent una comparativa amb els 8 anys anteriors, per tal de copsar adequadament l&#8217;evoluci\u00f3 dels serveis en aquest per\u00edode.<\/p>\n<p>La mem\u00f2ria 2012 es pot consultar en l\u00ednia tant al <a href=\"http:\/\/www.altemporda.org\/portal\/arees-i-serveis\/memories-del-consell-comarcal\">web del Consell Comarcal<\/a>, com al del <a href=\"https:\/\/inclusioaltemporda.cat\/portal\/materials-informatius\/?preview=true&amp;preview_id=1961&amp;preview_nonce=c0ceb21019\">Pla d&#8217;Inclusi\u00f3 i Cohesi\u00f3 social de l&#8217;Alt Empord\u00e0<\/a><!--:--><\/p>\n","protected":false},"excerpt":{"rendered":"<p>L&#8217;\u00c0rea de Benestar Social ha fet publica la mem\u00f2ria anual d&#8217;activitats de l&#8217;any 2012, document que publica anualment des de l&#8217;any 2004 amb l&#8217;objectiu de facilitar informaci\u00f3 sobre l&#8217;activitat de&hellip;<\/p>\n","protected":false},"author":2,"featured_media":2113,"comment_status":"closed","ping_status":"closed","sticky":false,"template":"","format":"standard","meta":{"footnotes":""},"categories":[106,100,107,101,105,104,103,108,13,102],"tags":[27,24,22],"class_list":["post-2111","post","type-post","status-publish","format-standard","has-post-thumbnail","hentry","category-administracions","category-area-benestar","category-centres-recerca-universitats","category-ciutadania","category-empreses","category-entitats-socials","category-estudiants-escoles-instituts","category-mitjans-comunicacio","category-observatori-inclusio-social-alt-emporda","category-professionals-ambit-social","tag-benestar-ccae","tag-inclusio-social","tag-publicacions","category-106","category-100","category-107","category-101","category-105","category-104","category-103","category-108","category-13","category-102","description-off"],"_links":{"self":[{"href":"https:\/\/inclusioaltemporda.cat\/portal\/wp-json\/wp\/v2\/posts\/2111","targetHints":{"allow":["GET"]}}],"collection":[{"href":"https:\/\/inclusioaltemporda.cat\/portal\/wp-json\/wp\/v2\/posts"}],"about":[{"href":"https:\/\/inclusioaltemporda.cat\/portal\/wp-json\/wp\/v2\/types\/post"}],"author":[{"embeddable":true,"href":"https:\/\/inclusioaltemporda.cat\/portal\/wp-json\/wp\/v2\/users\/2"}],"replies":[{"embeddable":true,"href":"https:\/\/inclusioaltemporda.cat\/portal\/wp-json\/wp\/v2\/comments?post=2111"}],"version-history":[{"count":6,"href":"https:\/\/inclusioaltemporda.cat\/portal\/wp-json\/wp\/v2\/posts\/2111\/revisions"}],"predecessor-version":[{"id":3347,"href":"https:\/\/inclusioaltemporda.cat\/portal\/wp-json\/wp\/v2\/posts\/2111\/revisions\/3347"}],"wp:featuredmedia":[{"embeddable":true,"href":"https:\/\/inclusioaltemporda.cat\/portal\/wp-json\/wp\/v2\/media\/2113"}],"wp:attachment":[{"href":"https:\/\/inclusioaltemporda.cat\/portal\/wp-json\/wp\/v2\/media?parent=2111"}],"wp:term":[{"taxonomy":"category","embeddable":true,"href":"https:\/\/inclusioaltemporda.cat\/portal\/wp-json\/wp\/v2\/categories?post=2111"},{"taxonomy":"post_tag","embeddable":true,"href":"https:\/\/inclusioaltemporda.cat\/portal\/wp-json\/wp\/v2\/tags?post=2111"}],"curies":[{"name":"wp","href":"https:\/\/api.w.org\/{rel}","templated":true}]}}