{"id":2123,"date":"2013-07-12T08:35:23","date_gmt":"2013-07-12T07:35:23","guid":{"rendered":"https:\/\/inclusioaltemporda.cat\/portal\/?p=2123"},"modified":"2016-02-01T09:22:25","modified_gmt":"2016-02-01T08:22:25","slug":"xerrada-sobre-les-entitats-de-suport-a-la-gent-gran","status":"publish","type":"post","link":"https:\/\/inclusioaltemporda.cat\/portal\/xerrada-sobre-les-entitats-de-suport-a-la-gent-gran\/","title":{"rendered":"Xerrada sobre les entitats de suport a la gent gran"},"content":{"rendered":"<p><!--:CA-->El <a href=\"http:\/\/forumdelesfamilies.blogspot.com.es\/\" target=\"_blank\">F\u00f2rum de les Fam\u00edlies Verg\u00e9s-Ginjauma<\/a> organitza aquest dissabte una confer\u00e8ncia sobre &#8220;Les entitats de suport a la gent gran&#8221;, que ser\u00e0 pronunciadapel <a href=\"http:\/\/marticarreras.blogspot.com.es\/\" target=\"_blank\">Sr. Mart\u00ed Carreras<\/a>, president de l&#8217;Associaci\u00f3 per a la formaci\u00f3 cultural de la Gent Gran de l&#8217;Alt Empord\u00e0.<\/p>\n<p>L&#8217;acte est\u00e0 previst que es dugui a terme el dissabte 13 de juliol a les 18h a la sala d&#8217;actes de la Cate de Figueres<!--:--><\/p>\n","protected":false},"excerpt":{"rendered":"<p>El F\u00f2rum de les Fam\u00edlies Verg\u00e9s-Ginjauma organitza aquest dissabte una confer\u00e8ncia sobre &#8220;Les entitats de suport a la gent gran&#8221;, que ser\u00e0 pronunciadapel Sr. Mart\u00ed Carreras, president de l&#8217;Associaci\u00f3 per&hellip;<\/p>\n","protected":false},"author":2,"featured_media":1481,"comment_status":"closed","ping_status":"closed","sticky":false,"template":"","format":"standard","meta":{"footnotes":""},"categories":[101,104,108],"tags":[27,47,37,38,24,51],"class_list":["post-2123","post","type-post","status-publish","format-standard","has-post-thumbnail","hentry","category-ciutadania","category-entitats-socials","category-mitjans-comunicacio","tag-benestar-ccae","tag-consell-consultiu","tag-envelliment-actiu","tag-gent-gran","tag-inclusio-social","tag-voluntariat","category-101","category-104","category-108","description-off"],"_links":{"self":[{"href":"https:\/\/inclusioaltemporda.cat\/portal\/wp-json\/wp\/v2\/posts\/2123","targetHints":{"allow":["GET"]}}],"collection":[{"href":"https:\/\/inclusioaltemporda.cat\/portal\/wp-json\/wp\/v2\/posts"}],"about":[{"href":"https:\/\/inclusioaltemporda.cat\/portal\/wp-json\/wp\/v2\/types\/post"}],"author":[{"embeddable":true,"href":"https:\/\/inclusioaltemporda.cat\/portal\/wp-json\/wp\/v2\/users\/2"}],"replies":[{"embeddable":true,"href":"https:\/\/inclusioaltemporda.cat\/portal\/wp-json\/wp\/v2\/comments?post=2123"}],"version-history":[{"count":3,"href":"https:\/\/inclusioaltemporda.cat\/portal\/wp-json\/wp\/v2\/posts\/2123\/revisions"}],"predecessor-version":[{"id":3345,"href":"https:\/\/inclusioaltemporda.cat\/portal\/wp-json\/wp\/v2\/posts\/2123\/revisions\/3345"}],"wp:featuredmedia":[{"embeddable":true,"href":"https:\/\/inclusioaltemporda.cat\/portal\/wp-json\/wp\/v2\/media\/1481"}],"wp:attachment":[{"href":"https:\/\/inclusioaltemporda.cat\/portal\/wp-json\/wp\/v2\/media?parent=2123"}],"wp:term":[{"taxonomy":"category","embeddable":true,"href":"https:\/\/inclusioaltemporda.cat\/portal\/wp-json\/wp\/v2\/categories?post=2123"},{"taxonomy":"post_tag","embeddable":true,"href":"https:\/\/inclusioaltemporda.cat\/portal\/wp-json\/wp\/v2\/tags?post=2123"}],"curies":[{"name":"wp","href":"https:\/\/api.w.org\/{rel}","templated":true}]}}