{"id":2127,"date":"2013-07-16T09:37:49","date_gmt":"2013-07-16T08:37:49","guid":{"rendered":"https:\/\/inclusioaltemporda.cat\/portal\/?p=2127"},"modified":"2016-02-01T09:22:25","modified_gmt":"2016-02-01T08:22:25","slug":"lespai-de-formacio-per-a-families-intercanvia-coneixement-amb-lequip-de-recerca-grisij-de-la-universitat-de-lleida","status":"publish","type":"post","link":"https:\/\/inclusioaltemporda.cat\/portal\/lespai-de-formacio-per-a-families-intercanvia-coneixement-amb-lequip-de-recerca-grisij-de-la-universitat-de-lleida\/","title":{"rendered":"L&#8217;Espai de Formaci\u00f3 per a Fam\u00edlies intercanvia coneixement amb l&#8217;equip de recerca GRISIJ de la Universitat de Lleida"},"content":{"rendered":"<p><!--:CA-->L&#8217;equip de professionals de l&#8217;<a title=\"Espai de Formaci\u00f3 per a Fam\u00edlies\" href=\"https:\/\/inclusioaltemporda.cat\/portal\/tag\/espai-de-formacio-per-a-families\/\">Espai de Formaci\u00f3 per a Fam\u00edlies<\/a> va celebrar la setmana passada una reuni\u00f3 de treball amb la <a title=\"Dra. Maria Angels Balsells\" href=\"http:\/\/www.ub.edu\/grisij\/?page_id=56&amp;pc=90&amp;lang=ca\">Dra. Maria Angels Balsells<\/a>, professora titular del departament de Pedagogia i Psicologia de la Universitat de Lleida i membre del <a title=\"Grup de Recerca en Intervencions Socioeducatives en la Inf\u00e0ncia i la Joventut (GRISIJ)\" href=\"http:\/\/www.ub.edu\/grisij\/?lang=ca\">Grup de Recerca en Intervencions Socioeducatives en la Inf\u00e0ncia i la Joventut (GRISIJ)<\/a> de la Universitat de Barcelona, i amb la<a title=\"Dra. Paola Milani de la Universitat de P\u00e0dua\" href=\"http:\/\/www.educazione.unipd.it\/web\/?q=node\/103\"> Dra. Paola Milani de la Universitat de P\u00e0dua<\/a> (It\u00e0lia).<\/p>\n<p>La finalitat d&#8217;aquesta trobada ha estat intercanviar coneixement amb un equip de recerca consolidat sobre les caracter\u00edstiques metodol\u00f2giques, els continguts i les condicions d&#8217;implementaci\u00f3 del projecte Espai de Formaci\u00f3 per a Fam\u00edlies, posat en marxa aquest any per professionals de l&#8217;\u00e0rea de Benestar del Consell Comarcal.\u00a0 Aquest projecte de parentalitat positiva\u00a0 tindr\u00e0 continu\u00eftat el proper mes de setembre i\u00a0 incorporar\u00e0 el treball amb infants a fi de poder consolidar aquest model d&#8217;intervenci\u00f3.<\/p>\n<p>El grup de recerca GRISIJ ha elaborat el Programa &#8220;Aprendre Junts, cr\u00e9ixer en fam\u00edlia&#8221; de l&#8217;<a title=\"Obra Social La Caixa\" href=\"http:\/\/obrasocial.lacaixa.es\/ambitos\/caixaproinfancia\/caixaproinfancia_ca.html\">Obra Social La Caixa<\/a>, que en aquests moments est\u00e0 en fase d&#8217;avaluaci\u00f3.<!--:--><\/p>\n","protected":false},"excerpt":{"rendered":"<p>L&#8217;equip de professionals de l&#8217;Espai de Formaci\u00f3 per a Fam\u00edlies va celebrar la setmana passada una reuni\u00f3 de treball amb la Dra. Maria Angels Balsells, professora titular del departament de&hellip;<\/p>\n","protected":false},"author":3,"featured_media":2129,"comment_status":"closed","ping_status":"closed","sticky":false,"template":"","format":"standard","meta":{"footnotes":""},"categories":[100,107,108,102],"tags":[27,58,24],"class_list":["post-2127","post","type-post","status-publish","format-standard","has-post-thumbnail","hentry","category-area-benestar","category-centres-recerca-universitats","category-mitjans-comunicacio","category-professionals-ambit-social","tag-benestar-ccae","tag-espai-de-formacio-per-a-families","tag-inclusio-social","category-100","category-107","category-108","category-102","description-off"],"_links":{"self":[{"href":"https:\/\/inclusioaltemporda.cat\/portal\/wp-json\/wp\/v2\/posts\/2127","targetHints":{"allow":["GET"]}}],"collection":[{"href":"https:\/\/inclusioaltemporda.cat\/portal\/wp-json\/wp\/v2\/posts"}],"about":[{"href":"https:\/\/inclusioaltemporda.cat\/portal\/wp-json\/wp\/v2\/types\/post"}],"author":[{"embeddable":true,"href":"https:\/\/inclusioaltemporda.cat\/portal\/wp-json\/wp\/v2\/users\/3"}],"replies":[{"embeddable":true,"href":"https:\/\/inclusioaltemporda.cat\/portal\/wp-json\/wp\/v2\/comments?post=2127"}],"version-history":[{"count":9,"href":"https:\/\/inclusioaltemporda.cat\/portal\/wp-json\/wp\/v2\/posts\/2127\/revisions"}],"predecessor-version":[{"id":3344,"href":"https:\/\/inclusioaltemporda.cat\/portal\/wp-json\/wp\/v2\/posts\/2127\/revisions\/3344"}],"wp:featuredmedia":[{"embeddable":true,"href":"https:\/\/inclusioaltemporda.cat\/portal\/wp-json\/wp\/v2\/media\/2129"}],"wp:attachment":[{"href":"https:\/\/inclusioaltemporda.cat\/portal\/wp-json\/wp\/v2\/media?parent=2127"}],"wp:term":[{"taxonomy":"category","embeddable":true,"href":"https:\/\/inclusioaltemporda.cat\/portal\/wp-json\/wp\/v2\/categories?post=2127"},{"taxonomy":"post_tag","embeddable":true,"href":"https:\/\/inclusioaltemporda.cat\/portal\/wp-json\/wp\/v2\/tags?post=2127"}],"curies":[{"name":"wp","href":"https:\/\/api.w.org\/{rel}","templated":true}]}}