{"id":2164,"date":"2013-07-19T12:35:05","date_gmt":"2013-07-19T11:35:05","guid":{"rendered":"https:\/\/inclusioaltemporda.cat\/portal\/?p=2164"},"modified":"2016-02-01T09:22:25","modified_gmt":"2016-02-01T08:22:25","slug":"punt-dinformacio-i-orientacio-acreditat-a-castello-dempuries","status":"publish","type":"post","link":"https:\/\/inclusioaltemporda.cat\/portal\/punt-dinformacio-i-orientacio-acreditat-a-castello-dempuries\/","title":{"rendered":"Punt d&#8217;informaci\u00f3 i orientaci\u00f3 Acredita&#8217;t a Castell\u00f3 d&#8217;Emp\u00faries"},"content":{"rendered":"<p><!--:CA-->L&#8217;\u00e0rea d&#8217;Ensenyament de l&#8217;Ajuntament de Castell\u00f3 d&#8217;Emp\u00faries ha posat en marxa un <a title=\"Punt d'Informaci\u00f3 i Orientaci\u00f3 Acredita't\" href=\"http:\/\/www20.gencat.cat\/portal\/site\/msi-actuacions\/menuitem.965258a4d12ca96c6f51ec10b0c0e1a0\/?vgnextoid=a1a3f2f87f564310VgnVCM1000008d0c1e0aRCRD&amp;vgnextchannel=a1a3f2f87f564310VgnVCM1000008d0c1e0aRCRD&amp;vgnextfmt=default\">Punt d&#8217;Informaci\u00f3 i Orientaci\u00f3 Acredita&#8217;t<\/a>, programa de la Generalitat de Catalunya que permet certificar oficialment els coneixements i les habilitats adquirides mitjan\u00e7ant l&#8217;experi\u00e8ncia laboral o altres processos no formals d&#8217;aprenentatge.<\/p>\n<p>El programa Acredita&#8217;t permet recon\u00e8ixer les compet\u00e8ncies professionals en el lloc de treball mitjan\u00e7ant la pr\u00e0ctica, l&#8217;experi\u00e8ncia professional i vies no formals de formaci\u00f3. El punt Acredita&#8217;t de Castell\u00f3 d&#8217;Emp\u00faries -\u00fanic a la comarca de l&#8217;Alt Empord\u00e0- ofereix l&#8217;orientaci\u00f3 necess\u00e0ria a les persones interessades i informaci\u00f3 dels requisits d&#8217;acc\u00e9s, els drets i obligacions dels candidats i les acreditacions oficials que es poden adquirir. des d&#8217;aquest punt d&#8217;informaci\u00f3 tamb\u00e9 s&#8217;orientar\u00e0 i ajudar\u00e0 als candidats en la formalitzaci\u00f3 de la sol\u00b7licitud i en l&#8217;elaboraci\u00f3 del curr\u00edculum.<\/p>\n<p>La finalitat d&#8217;aquest programa \u00e9s facilitar als treballadors la seva integraci\u00f3 laboral, la promoci\u00f3 professional i el reconeixement social.<\/p>\n<p>El per\u00edode de preinscripcions est\u00e0 obert del 17 al 24 de juliol. Podeu accedir a m\u00e9s informaci\u00f3 del servei mitjan\u00e7ant aquest <a title=\"enlla\u00e7\" href=\"http:\/\/www.castello.cat\/index.php?action=detalle&amp;modul=noticias&amp;id_noticia=3009&amp;idSolapa=92\">enlla\u00e7<\/a> o adre\u00e7ant-vos a les oficines municipals: Pla\u00e7a Joc de la Pilota, 1 &#8211; 17486 Castell\u00f3 d\u00b4Emp\u00faries &#8211; Tel. 34 972 250 426 (extensi\u00f3 1254).<!--:--><\/p>\n","protected":false},"excerpt":{"rendered":"<p>L&#8217;\u00e0rea d&#8217;Ensenyament de l&#8217;Ajuntament de Castell\u00f3 d&#8217;Emp\u00faries ha posat en marxa un Punt d&#8217;Informaci\u00f3 i Orientaci\u00f3 Acredita&#8217;t, programa de la Generalitat de Catalunya que permet certificar oficialment els coneixements i&hellip;<\/p>\n","protected":false},"author":3,"featured_media":2174,"comment_status":"closed","ping_status":"closed","sticky":false,"template":"","format":"standard","meta":{"footnotes":""},"categories":[106,101,105,103,108],"tags":[24],"class_list":["post-2164","post","type-post","status-publish","format-standard","has-post-thumbnail","hentry","category-administracions","category-ciutadania","category-empreses","category-estudiants-escoles-instituts","category-mitjans-comunicacio","tag-inclusio-social","category-106","category-101","category-105","category-103","category-108","description-off"],"_links":{"self":[{"href":"https:\/\/inclusioaltemporda.cat\/portal\/wp-json\/wp\/v2\/posts\/2164","targetHints":{"allow":["GET"]}}],"collection":[{"href":"https:\/\/inclusioaltemporda.cat\/portal\/wp-json\/wp\/v2\/posts"}],"about":[{"href":"https:\/\/inclusioaltemporda.cat\/portal\/wp-json\/wp\/v2\/types\/post"}],"author":[{"embeddable":true,"href":"https:\/\/inclusioaltemporda.cat\/portal\/wp-json\/wp\/v2\/users\/3"}],"replies":[{"embeddable":true,"href":"https:\/\/inclusioaltemporda.cat\/portal\/wp-json\/wp\/v2\/comments?post=2164"}],"version-history":[{"count":11,"href":"https:\/\/inclusioaltemporda.cat\/portal\/wp-json\/wp\/v2\/posts\/2164\/revisions"}],"predecessor-version":[{"id":3341,"href":"https:\/\/inclusioaltemporda.cat\/portal\/wp-json\/wp\/v2\/posts\/2164\/revisions\/3341"}],"wp:featuredmedia":[{"embeddable":true,"href":"https:\/\/inclusioaltemporda.cat\/portal\/wp-json\/wp\/v2\/media\/2174"}],"wp:attachment":[{"href":"https:\/\/inclusioaltemporda.cat\/portal\/wp-json\/wp\/v2\/media?parent=2164"}],"wp:term":[{"taxonomy":"category","embeddable":true,"href":"https:\/\/inclusioaltemporda.cat\/portal\/wp-json\/wp\/v2\/categories?post=2164"},{"taxonomy":"post_tag","embeddable":true,"href":"https:\/\/inclusioaltemporda.cat\/portal\/wp-json\/wp\/v2\/tags?post=2164"}],"curies":[{"name":"wp","href":"https:\/\/api.w.org\/{rel}","templated":true}]}}