{"id":2179,"date":"2013-07-22T09:28:23","date_gmt":"2013-07-22T08:28:23","guid":{"rendered":"https:\/\/inclusioaltemporda.cat\/portal\/?p=2179"},"modified":"2016-02-01T09:22:25","modified_gmt":"2016-02-01T08:22:25","slug":"el-projecte-ksameu-posa-en-marxa-una-campanya-per-a-la-recollida-i-reciclatge-de-llibres-deso-i-batxillerat","status":"publish","type":"post","link":"https:\/\/inclusioaltemporda.cat\/portal\/el-projecte-ksameu-posa-en-marxa-una-campanya-per-a-la-recollida-i-reciclatge-de-llibres-deso-i-batxillerat\/","title":{"rendered":"El projecte KSAMEU posa en marxa una campanya per a la recollida i reciclatge de llibres d&#8217;ESO i Batxillerat"},"content":{"rendered":"<p><!--:CA--><\/p>\n<div>El projecte KSAMEU, de la Fundaci\u00f3 Escola Sant Vicen\u00e7 de Pa\u00fcl de Figueres, membre de la Taula per a la Inclusi\u00f3 i la Cohesi\u00f3 Social de l&#8217;Alt Empord\u00e0, ha posat en marxa una campanya de recollida i reciclatge de llibres de text d&#8217;ESO i Batxillerat per facilitar aquest material als joves que participen en aquest projecte el proper curs escolar.<\/div>\n<div><\/div>\n<div>\n<p>KSAMEU \u00e9s un projecte socioeducatiu engegat l\u2019any 2007\u00a0 a partir de la reflexi\u00f3 sobre la necessitat de millorar l\u2019oferta de recursos l\u00fadics i educatius per adolescents i joves a la ciutat de Figueres. El projecte socioeducatiu KSAMEU t\u00e9 com a objectius prioritaris acollir i acompanyar adolescents i joves en el seu propi itinerari personal, posant esfor\u00e7 de manera especial en l\u2019educaci\u00f3 en la responsabilitat, a trav\u00e9s de d\u2019una metodologia de contracte fonamentada en els drets i deures.<\/p>\n<p>Si teniu llibres d&#8217;ESO i de Batxillerat, Diccionaris i llibres de consulta que volgueu reciclar, els podeu portar a la seu de l&#8217;entitat, pla\u00e7a Sant Vicen\u00e7 de Pa\u00fcl, durant els mesos de juliol i setembre (agost \u00e9s tancat). Si voleu m\u00e9s informaci\u00f3 us podeu adre\u00e7ar via correu electr\u00f2nic ksameu@gmail.com o per tel\u00e8fon 972 670 130.<\/p>\n<\/div>\n<p><!--:--><\/p>\n","protected":false},"excerpt":{"rendered":"<p>El projecte KSAMEU, de la Fundaci\u00f3 Escola Sant Vicen\u00e7 de Pa\u00fcl de Figueres, membre de la Taula per a la Inclusi\u00f3 i la Cohesi\u00f3 Social de l&#8217;Alt Empord\u00e0, ha posat&hellip;<\/p>\n","protected":false},"author":3,"featured_media":2180,"comment_status":"closed","ping_status":"closed","sticky":false,"template":"","format":"standard","meta":{"footnotes":""},"categories":[101,105,104,103,108,11],"tags":[52,24,17],"class_list":["post-2179","post","type-post","status-publish","format-standard","has-post-thumbnail","hentry","category-ciutadania","category-empreses","category-entitats-socials","category-estudiants-escoles-instituts","category-mitjans-comunicacio","category-taula-inclusio","tag-entitats-de-la-taula","tag-inclusio-social","tag-taula","category-101","category-105","category-104","category-103","category-108","category-11","description-off"],"_links":{"self":[{"href":"https:\/\/inclusioaltemporda.cat\/portal\/wp-json\/wp\/v2\/posts\/2179","targetHints":{"allow":["GET"]}}],"collection":[{"href":"https:\/\/inclusioaltemporda.cat\/portal\/wp-json\/wp\/v2\/posts"}],"about":[{"href":"https:\/\/inclusioaltemporda.cat\/portal\/wp-json\/wp\/v2\/types\/post"}],"author":[{"embeddable":true,"href":"https:\/\/inclusioaltemporda.cat\/portal\/wp-json\/wp\/v2\/users\/3"}],"replies":[{"embeddable":true,"href":"https:\/\/inclusioaltemporda.cat\/portal\/wp-json\/wp\/v2\/comments?post=2179"}],"version-history":[{"count":6,"href":"https:\/\/inclusioaltemporda.cat\/portal\/wp-json\/wp\/v2\/posts\/2179\/revisions"}],"predecessor-version":[{"id":3591,"href":"https:\/\/inclusioaltemporda.cat\/portal\/wp-json\/wp\/v2\/posts\/2179\/revisions\/3591"}],"wp:featuredmedia":[{"embeddable":true,"href":"https:\/\/inclusioaltemporda.cat\/portal\/wp-json\/wp\/v2\/media\/2180"}],"wp:attachment":[{"href":"https:\/\/inclusioaltemporda.cat\/portal\/wp-json\/wp\/v2\/media?parent=2179"}],"wp:term":[{"taxonomy":"category","embeddable":true,"href":"https:\/\/inclusioaltemporda.cat\/portal\/wp-json\/wp\/v2\/categories?post=2179"},{"taxonomy":"post_tag","embeddable":true,"href":"https:\/\/inclusioaltemporda.cat\/portal\/wp-json\/wp\/v2\/tags?post=2179"}],"curies":[{"name":"wp","href":"https:\/\/api.w.org\/{rel}","templated":true}]}}