{"id":2185,"date":"2013-07-23T09:59:30","date_gmt":"2013-07-23T08:59:30","guid":{"rendered":"https:\/\/inclusioaltemporda.cat\/portal\/?p=2185"},"modified":"2016-02-01T09:22:25","modified_gmt":"2016-02-01T08:22:25","slug":"les-activitats-destiu-a-lalt-emporda-acullen-mes-de-8-000-infants-i-joves","status":"publish","type":"post","link":"https:\/\/inclusioaltemporda.cat\/portal\/les-activitats-destiu-a-lalt-emporda-acullen-mes-de-8-000-infants-i-joves\/","title":{"rendered":"Les activitats d&#8217;estiu a l&#8217;Alt Empord\u00e0 acullen m\u00e9s de 8.000 infants i joves"},"content":{"rendered":"<p><!--:CA-->8.175 infants i joves participen aquest estiu en l&#8217;oferta d&#8217;activitats de lleure programada en 50 municipis de la comarca.\u00a0 El servei de Joventut del Consell Comarcal, que coordina els casals d&#8217;estiu, les col\u00f2nies, els campaments, els camps de treball i les rutes itinerants que s&#8217;organitzen en els mesos des juliol i agost, ha enregistrat un increment del 8% del nombre total\u00a0 d&#8217;infants i joves que participen en aquestes activitats en relaci\u00f3 a l&#8217;estiu anterior.<\/p>\n<p>Els casals d&#8217;estiu s\u00f3n activitats en qu\u00e8 participen, sobretot, nens i nenes de la comarca i enguany el nombre de participants previst \u00e9s de 3.778,\u00a0 un 4,6% inferior al nombre de participants enregistrat l&#8217;any 2012.<\/p>\n<p>Pel que fa al nombre d&#8217;inscripcions en campaments i col\u00f2nies, activitats en qu\u00e8 participen majorit\u00e0riament infants i joves d&#8217;arreu de Catalunya, aquest ha crescut prop d&#8217;un 17% en relaci\u00f3 a l&#8217;estiu passat.<\/p>\n<p>El nombre d&#8217;infants i joves que participen en camps de treball tamb\u00e9 ha enregistrat un increment del 55% en relaci\u00f3 a l&#8217;any anterior, i una altra activitat que tamb\u00e9 ha augmentat notablement el nombre de participants ha\u00a0 estat les rutes itinerants que enguany ha enregistrat un increment de prop del 20% en relaci\u00f3 a\u00a0 l&#8217;any passat.<\/p>\n<p>Si voleu informaci\u00f3 sobre les activitats per a joves programades a la comarca aquest estiu podeu posar-vos en contacte amb l&#8217;Oficina de Joventut Figueres-Alt Empord\u00e0 on trobareu el Punt d&#8217;Informaci\u00f3 Juvenil que integra els serveis per a joves de Figueres i de la comarca (c. Anicet de Pag\u00e8s, 2 &#8211; Figueres. Tel. 972 673 728).\u00a0 L\u2019horari de l\u2019oficina \u00e9s de dilluns a divendres, de 9 a 14 hores, i de 16 a 18\u00a0<span style=\"line-height: 1.5em;\">hores. <\/span><span style=\"line-height: 1.5em;\">L&#8217;agost l&#8217;horari ser\u00e0 de 9 a 16:00h. Tamb\u00e9 podeu contactar amb el facebook de l&#8217;Oficina de Joventut mitjan\u00e7ant aquest <a title=\"enlla\u00e7\" href=\"https:\/\/ca-es.facebook.com\/quadrat.el?hc_location=timeline\">enlla\u00e7<\/a>.<br \/>\n<\/span><!--:--><\/p>\n","protected":false},"excerpt":{"rendered":"<p>8.175 infants i joves participen aquest estiu en l&#8217;oferta d&#8217;activitats de lleure programada en 50 municipis de la comarca.\u00a0 El servei de Joventut del Consell Comarcal, que coordina els casals&hellip;<\/p>\n","protected":false},"author":3,"featured_media":2186,"comment_status":"closed","ping_status":"closed","sticky":false,"template":"","format":"standard","meta":{"footnotes":""},"categories":[101,103,108],"tags":[24],"class_list":["post-2185","post","type-post","status-publish","format-standard","has-post-thumbnail","hentry","category-ciutadania","category-estudiants-escoles-instituts","category-mitjans-comunicacio","tag-inclusio-social","category-101","category-103","category-108","description-off"],"_links":{"self":[{"href":"https:\/\/inclusioaltemporda.cat\/portal\/wp-json\/wp\/v2\/posts\/2185","targetHints":{"allow":["GET"]}}],"collection":[{"href":"https:\/\/inclusioaltemporda.cat\/portal\/wp-json\/wp\/v2\/posts"}],"about":[{"href":"https:\/\/inclusioaltemporda.cat\/portal\/wp-json\/wp\/v2\/types\/post"}],"author":[{"embeddable":true,"href":"https:\/\/inclusioaltemporda.cat\/portal\/wp-json\/wp\/v2\/users\/3"}],"replies":[{"embeddable":true,"href":"https:\/\/inclusioaltemporda.cat\/portal\/wp-json\/wp\/v2\/comments?post=2185"}],"version-history":[{"count":9,"href":"https:\/\/inclusioaltemporda.cat\/portal\/wp-json\/wp\/v2\/posts\/2185\/revisions"}],"predecessor-version":[{"id":3339,"href":"https:\/\/inclusioaltemporda.cat\/portal\/wp-json\/wp\/v2\/posts\/2185\/revisions\/3339"}],"wp:featuredmedia":[{"embeddable":true,"href":"https:\/\/inclusioaltemporda.cat\/portal\/wp-json\/wp\/v2\/media\/2186"}],"wp:attachment":[{"href":"https:\/\/inclusioaltemporda.cat\/portal\/wp-json\/wp\/v2\/media?parent=2185"}],"wp:term":[{"taxonomy":"category","embeddable":true,"href":"https:\/\/inclusioaltemporda.cat\/portal\/wp-json\/wp\/v2\/categories?post=2185"},{"taxonomy":"post_tag","embeddable":true,"href":"https:\/\/inclusioaltemporda.cat\/portal\/wp-json\/wp\/v2\/tags?post=2185"}],"curies":[{"name":"wp","href":"https:\/\/api.w.org\/{rel}","templated":true}]}}