{"id":2194,"date":"2013-07-24T13:07:48","date_gmt":"2013-07-24T12:07:48","guid":{"rendered":"https:\/\/inclusioaltemporda.cat\/portal\/?p=2194"},"modified":"2016-02-01T09:22:24","modified_gmt":"2016-02-01T08:22:24","slug":"el-ple-del-consell-comarcal-aprova-el-pla-per-a-la-inclusio-i-la-cohesio-social-de-lalt-emporda-2013-2016","status":"publish","type":"post","link":"https:\/\/inclusioaltemporda.cat\/portal\/el-ple-del-consell-comarcal-aprova-el-pla-per-a-la-inclusio-i-la-cohesio-social-de-lalt-emporda-2013-2016\/","title":{"rendered":"El ple del Consell Comarcal aprova el Pla per a la Inclusi\u00f3 i la Cohesi\u00f3 Social de l&#8217;Alt Empord\u00e0 2013-2016"},"content":{"rendered":"<p><!--:CA--><\/p>\n<p lang=\"ca-ES\" align=\"JUSTIFY\">El ple del Consell Comarcal va aprovar ahir el Pla per a la Inclusi\u00f3 i la Cohesi\u00f3 Social de l&#8217;Alt Empord\u00e0 2013-2016.\u00a0 Aquest Pla \u00e9s l&#8217;eina de treball estrat\u00e8gica del Consell Comarcal per millorar les condicions de vida de la poblaci\u00f3 de la comarca i refor\u00e7ar la cohesi\u00f3 social en els propers anys.<\/p>\n<p lang=\"ca-ES\" align=\"JUSTIFY\">Diverses \u00e0rees del Consell Comarcal, els ajuntaments de Roses, Castell\u00f3 d&#8217;Emp\u00faries, L&#8217;Escala i la Jonquera i les prop de 20 entitats que formen part de la Taula per a la Inclusi\u00f3 i la Cohesi\u00f3 Social han participat activament en el proc\u00e9s de treball transversal i coordinat d&#8217;elaboraci\u00f3 del Pla, que es va posar en marxa el mes de gener passat.<\/p>\n<p lang=\"ca-ES\" align=\"JUSTIFY\">El Pla per a la Inclusi\u00f3 i la Cohesi\u00f3 Social de l&#8217;Alt Empord\u00e0 2013-2016 ha establert 18 objectius estrat\u00e8gics, 40 objectius operatius i 86 accions priorit\u00e0ries que es desplegaran a la comarca en els propers 3 anys.<\/p>\n<p lang=\"ca-ES\" align=\"JUSTIFY\">El proc\u00e9s d&#8217;elaboraci\u00f3 del Pla ha estat una iniciativa promoguda en el marc del Programa per al desenvolupament de Plans Locals per a la Inclusi\u00f3 Social de l\u2019Institut Catal\u00e0 de Serveis Socials (ICASS) del Departament de Benestar i Fam\u00edlia de la Generalitat de Catalunya i \u00e9s fruit del Contracte-Programa que ha signat el Consell Comarcal amb aquest Departament. Aquest\u00a0 acord ha perm\u00e8s la creaci\u00f3 d&#8217;un equip t\u00e8cnic d&#8217;inclusi\u00f3 a l&#8217;\u00e0rea de Benestar del Consell Comarcal que ha facilitat aquest proc\u00e9s de treball estrat\u00e8gic i que far\u00e0 el seguiment de l&#8217;execuci\u00f3 i del Pla.<\/p>\n<p lang=\"ca-ES\" align=\"JUSTIFY\">Per tal de fer aquest seguiment es crear\u00e0 una Comissi\u00f3 T\u00e8cnica que tindr\u00e0 com a missi\u00f3 vetllar pel compliment dels compromisos, els objectius i les accions del Pla. Aquest espai de treball estar\u00e0 integrat pels responsables t\u00e8cnics de les \u00e0rees del Consell Comarcal, dels ajuntaments implicats i pels portanveus de la Taula per a la Inclusi\u00f3 i la Cohesi\u00f3 Social de l&#8217;Alt Empord\u00e0.<\/p>\n<p lang=\"ca-ES\" align=\"JUSTIFY\">Est\u00e0 previst fer una presentaci\u00f3 p\u00fablica del Pla per a la Inclusi\u00f3 i la Cohesi\u00f3 Social de l&#8217;Alt Empord\u00e0 2013-2016 als agents i als mitjans de comunicaci\u00f3 de la comarca el proper mes de setembre.<\/p>\n<p><!--:--><\/p>\n","protected":false},"excerpt":{"rendered":"<p>El ple del Consell Comarcal va aprovar ahir el Pla per a la Inclusi\u00f3 i la Cohesi\u00f3 Social de l&#8217;Alt Empord\u00e0 2013-2016.\u00a0 Aquest Pla \u00e9s l&#8217;eina de treball estrat\u00e8gica del&hellip;<\/p>\n","protected":false},"author":3,"featured_media":2203,"comment_status":"closed","ping_status":"closed","sticky":false,"template":"","format":"standard","meta":{"footnotes":""},"categories":[106,107,101,105,104,103,108,12,102],"tags":[24,16],"class_list":["post-2194","post","type-post","status-publish","format-standard","has-post-thumbnail","hentry","category-administracions","category-centres-recerca-universitats","category-ciutadania","category-empreses","category-entitats-socials","category-estudiants-escoles-instituts","category-mitjans-comunicacio","category-pla-dinclusio-2","category-professionals-ambit-social","tag-inclusio-social","tag-pla-inclusio","category-106","category-107","category-101","category-105","category-104","category-103","category-108","category-12","category-102","description-off"],"_links":{"self":[{"href":"https:\/\/inclusioaltemporda.cat\/portal\/wp-json\/wp\/v2\/posts\/2194","targetHints":{"allow":["GET"]}}],"collection":[{"href":"https:\/\/inclusioaltemporda.cat\/portal\/wp-json\/wp\/v2\/posts"}],"about":[{"href":"https:\/\/inclusioaltemporda.cat\/portal\/wp-json\/wp\/v2\/types\/post"}],"author":[{"embeddable":true,"href":"https:\/\/inclusioaltemporda.cat\/portal\/wp-json\/wp\/v2\/users\/3"}],"replies":[{"embeddable":true,"href":"https:\/\/inclusioaltemporda.cat\/portal\/wp-json\/wp\/v2\/comments?post=2194"}],"version-history":[{"count":12,"href":"https:\/\/inclusioaltemporda.cat\/portal\/wp-json\/wp\/v2\/posts\/2194\/revisions"}],"predecessor-version":[{"id":3592,"href":"https:\/\/inclusioaltemporda.cat\/portal\/wp-json\/wp\/v2\/posts\/2194\/revisions\/3592"}],"wp:featuredmedia":[{"embeddable":true,"href":"https:\/\/inclusioaltemporda.cat\/portal\/wp-json\/wp\/v2\/media\/2203"}],"wp:attachment":[{"href":"https:\/\/inclusioaltemporda.cat\/portal\/wp-json\/wp\/v2\/media?parent=2194"}],"wp:term":[{"taxonomy":"category","embeddable":true,"href":"https:\/\/inclusioaltemporda.cat\/portal\/wp-json\/wp\/v2\/categories?post=2194"},{"taxonomy":"post_tag","embeddable":true,"href":"https:\/\/inclusioaltemporda.cat\/portal\/wp-json\/wp\/v2\/tags?post=2194"}],"curies":[{"name":"wp","href":"https:\/\/api.w.org\/{rel}","templated":true}]}}