{"id":2223,"date":"2013-07-26T09:32:42","date_gmt":"2013-07-26T08:32:42","guid":{"rendered":"https:\/\/inclusioaltemporda.cat\/portal\/?p=2223"},"modified":"2016-02-01T09:22:24","modified_gmt":"2016-02-01T08:22:24","slug":"el-consell-comarcal-tramita-955-sol%c2%b7licituds-dajuts-de-lloguer-per-aquest-any","status":"publish","type":"post","link":"https:\/\/inclusioaltemporda.cat\/portal\/el-consell-comarcal-tramita-955-sol%c2%b7licituds-dajuts-de-lloguer-per-aquest-any\/","title":{"rendered":"El Consell Comarcal tramita 955 sol\u00b7licituds d&#8217;ajuts de lloguer per aquest any"},"content":{"rendered":"<p><!--:CA-->L<a title=\"Oficina Comarcal de l'Habitatge\" href=\"http:\/\/www.altemporda.org\/portal\/arees-i-serveis\/oficina-dhabitatge\">&#8216;Oficina Comarcal de l&#8217;Habitatge<\/a>, fruit del conveni signat amb l&#8217;<a title=\"Ag\u00e8ncia de l'Habitatge de Catalunya\" href=\"http:\/\/www.agenciahabitatge.cat\/wps\/portal\/\">Ag\u00e8ncia de l&#8217;Habitatge de Catalunya<\/a>, ha tramitat en les darreres setmanes en qu\u00e8 va estar oberta la convocat\u00f2ria, 955 sol\u00b7licitus d&#8217;ajuts de lloguer presentades per residents a la comarca, de les quals el 89% han estat noves sol\u00b7licituds i la resta peticions de renovacions d&#8217;aquesta prestaci\u00f3.<\/p>\n<p>La convocat\u00f2ria d&#8217;ajuts de lloguer promoguda pel <a title=\"Departament de Territori i Sostenibilitat\" href=\"http:\/\/www20.gencat.cat\/portal\/site\/territori\">Departament de Territori i Sostenibilitat<\/a> t\u00e9 com a finalitat prevenir l&#8217;exclusi\u00f3 social residencial i ha donat prioritat a les persones i fam\u00edlies m\u00e9s desafavorides per la crisi. L&#8217;Ag\u00e8ncia de l&#8217;Habitatge de Catalunya ser\u00e0 l&#8217;ens qui decidir\u00e0 i gestionar\u00e0 els ajuts. Aquestes ajudes s\u00f3n incompatibles amb altres ajudes econ\u00f2miques d&#8217;urg\u00e8ncia social per al pagament del lloguer o altres ajuts i prestacions d&#8217;altres administracions p\u00fabliques que tinguin la mateixa finalitat.<!--:--><\/p>\n","protected":false},"excerpt":{"rendered":"<p>L&#8216;Oficina Comarcal de l&#8217;Habitatge, fruit del conveni signat amb l&#8217;Ag\u00e8ncia de l&#8217;Habitatge de Catalunya, ha tramitat en les darreres setmanes en qu\u00e8 va estar oberta la convocat\u00f2ria, 955 sol\u00b7licitus d&#8217;ajuts&hellip;<\/p>\n","protected":false},"author":3,"featured_media":2225,"comment_status":"closed","ping_status":"closed","sticky":false,"template":"","format":"standard","meta":{"footnotes":""},"categories":[106,101,108],"tags":[36,24],"class_list":["post-2223","post","type-post","status-publish","format-standard","has-post-thumbnail","hentry","category-administracions","category-ciutadania","category-mitjans-comunicacio","tag-habitatge","tag-inclusio-social","category-106","category-101","category-108","description-off"],"_links":{"self":[{"href":"https:\/\/inclusioaltemporda.cat\/portal\/wp-json\/wp\/v2\/posts\/2223","targetHints":{"allow":["GET"]}}],"collection":[{"href":"https:\/\/inclusioaltemporda.cat\/portal\/wp-json\/wp\/v2\/posts"}],"about":[{"href":"https:\/\/inclusioaltemporda.cat\/portal\/wp-json\/wp\/v2\/types\/post"}],"author":[{"embeddable":true,"href":"https:\/\/inclusioaltemporda.cat\/portal\/wp-json\/wp\/v2\/users\/3"}],"replies":[{"embeddable":true,"href":"https:\/\/inclusioaltemporda.cat\/portal\/wp-json\/wp\/v2\/comments?post=2223"}],"version-history":[{"count":6,"href":"https:\/\/inclusioaltemporda.cat\/portal\/wp-json\/wp\/v2\/posts\/2223\/revisions"}],"predecessor-version":[{"id":3334,"href":"https:\/\/inclusioaltemporda.cat\/portal\/wp-json\/wp\/v2\/posts\/2223\/revisions\/3334"}],"wp:featuredmedia":[{"embeddable":true,"href":"https:\/\/inclusioaltemporda.cat\/portal\/wp-json\/wp\/v2\/media\/2225"}],"wp:attachment":[{"href":"https:\/\/inclusioaltemporda.cat\/portal\/wp-json\/wp\/v2\/media?parent=2223"}],"wp:term":[{"taxonomy":"category","embeddable":true,"href":"https:\/\/inclusioaltemporda.cat\/portal\/wp-json\/wp\/v2\/categories?post=2223"},{"taxonomy":"post_tag","embeddable":true,"href":"https:\/\/inclusioaltemporda.cat\/portal\/wp-json\/wp\/v2\/tags?post=2223"}],"curies":[{"name":"wp","href":"https:\/\/api.w.org\/{rel}","templated":true}]}}