{"id":2229,"date":"2013-07-29T10:14:40","date_gmt":"2013-07-29T08:14:40","guid":{"rendered":"https:\/\/inclusioaltemporda.cat\/portal\/?p=2229"},"modified":"2016-02-01T09:22:24","modified_gmt":"2016-02-01T08:22:24","slug":"memoria-socioeconomica-i-laboral-de-catalunya-2012-les-condicions-de-vida-de-la-poblacio-empitjoren","status":"publish","type":"post","link":"https:\/\/inclusioaltemporda.cat\/portal\/memoria-socioeconomica-i-laboral-de-catalunya-2012-les-condicions-de-vida-de-la-poblacio-empitjoren\/","title":{"rendered":"Mem\u00f2ria socioecon\u00f2mica i laboral de Catalunya 2012: les condicions de vida de la poblaci\u00f3 empitjoren"},"content":{"rendered":"<p><!--:CA-->El <a title=\"Consell de Treball Econ\u00f2mic i Social de Catalunya\" href=\"http:\/\/www.ctescat.cat\/\">Consell de Treball Econ\u00f2mic i Social de Catalunya<\/a> (CESTC),\u00a0 \u00f2rgan consultiu i d&#8217;assessorament del govern en mat\u00e8ries socioecon\u00f2miques, laborals i ocupacionals, ha fet p\u00fablica recentment la Mem\u00f2ria socioecon\u00f2mica i laboral de Catalunya 2012.<\/p>\n<p>L&#8217;an\u00e0lisi extensa de la situaci\u00f3 socioecon\u00f2mica i laboral mostra com les condicions de vida de la poblaci\u00f3 catalana han empitjorat com a conseq\u00fc\u00e8ncia de l&#8217;impacte de la crisi econ\u00f2mica i la p\u00e8rdua d&#8217;ocupaci\u00f3. La renda mitjana de les llars catalanes ha caigut per tercer any consecutiu i s&#8217;ha situat en els nivells de l&#8217;any 2006.<\/p>\n<p>L&#8217;any 2012 ha estat un any de refredament econ\u00f2mic global que ha condicionat directament l&#8217;evoluci\u00f3 de l&#8217;economia catalana. El PIB catal\u00e0 ha disminu\u00eft\u00a0 un 1,3% i la demanda interna ha caigut en tots els seus components: el consum de les llars ha disminu\u00eft un 2,4%, el de les administracions p\u00fabliques un 1,4% i la formaci\u00f3 bruta de capital el 6,5%. L&#8217;\u00fanic component de la demanda interna que ha contribu\u00eft al creixement ha estat el sector exterior (1,8%), les exportacions han crescut el 5,9% i han augmentat sobretot fora d&#8217;Europa.<\/p>\n<p>Pel que fa a les condicions de vida, el 26,7% de la poblaci\u00f3 catalana es troba en situaci\u00f3 de risc de pobresa i exclusi\u00f3 social, el percentatge m\u00e9s elevat des del 2008. El risc de pobresa augmenta entre la poblaci\u00f3 activa (16-64 anys), per\u00f2 sobretot ho fa en la inf\u00e0ncia.<\/p>\n<p>L&#8217;evoluci\u00f3 econ\u00f2mica catalana s&#8217;ha situat en un context clarament recessiu que ha tingut el seu reflex en la majoria dels indicadors macroecon\u00f2mics i sobretot en el deteriorament de l&#8217;ocupaci\u00f3, que ha disminu\u00eft un 6,2% fent augmentar la taxa d&#8217;atur fins el 22,8%. La p\u00e8rdua de poblaci\u00f3 ocupada s&#8217;ha concentrat en els col\u00b7lectius m\u00e9s afectats per la crisi: el de la poblaci\u00f3 jove i el de nacionalitat estrangera masculina.<\/p>\n<p>El pes de les persones en situaci\u00f3 d&#8217;atur de llarga durada respecte el total de la poblaci\u00f3 desocupada segueix augmentant i representa el 54%. L&#8217;atur es concentra en les llars on tots els seus membres es troben en situaci\u00f3 d&#8217;atur (12,1%).<\/p>\n<p>Per segon any consecutiu disminueix la despesa p\u00fablica en educaci\u00f3 i es retorna a nivells de despesa similars al 2007. Els estudis que enregistren un creixement major d&#8217;alumnes s\u00f3n la formaci\u00f3 professional: creix un 9,8% l&#8217;alumnat en Cicles de Formaci\u00f3 de Grau Mig (CFGM) i un 6,5% els alumnes en Cicles de Formaci\u00f3 de Grau Superior (CFGS).<\/p>\n<p>Malgrat la crisi, les cooperatives mostren una certa resist\u00e8ncia al context negatiu. L&#8217;any 2012 creix per tercer any consecutiu el nombre de cooperatives a Catalunya i la davallada de la poblaci\u00f3 ocupada en l&#8217;economia social \u00e9s menys intensa que la davallada global (1,4% vs 7%).<\/p>\n<p>Si teniu inter\u00e8s a con\u00e8ixer amb m\u00e9s detall aquestes dades, podeu descarregar-vos aquesta publicaci\u00f3 en aquest <a title=\"enlla\u00e7\" href=\"http:\/\/www.ctescat.cat\/msil\/index.html\">enlla\u00e7<\/a>.<!--:--><\/p>\n","protected":false},"excerpt":{"rendered":"<p>El Consell de Treball Econ\u00f2mic i Social de Catalunya (CESTC),\u00a0 \u00f2rgan consultiu i d&#8217;assessorament del govern en mat\u00e8ries socioecon\u00f2miques, laborals i ocupacionals, ha fet p\u00fablica recentment la Mem\u00f2ria socioecon\u00f2mica i&hellip;<\/p>\n","protected":false},"author":3,"featured_media":2231,"comment_status":"closed","ping_status":"closed","sticky":false,"template":"","format":"standard","meta":{"footnotes":""},"categories":[107,103,108,13,102],"tags":[34,24,18],"class_list":["post-2229","post","type-post","status-publish","format-standard","has-post-thumbnail","hentry","category-centres-recerca-universitats","category-estudiants-escoles-instituts","category-mitjans-comunicacio","category-observatori-inclusio-social-alt-emporda","category-professionals-ambit-social","tag-aula-professionals","tag-inclusio-social","tag-observatori","category-107","category-103","category-108","category-13","category-102","description-off"],"_links":{"self":[{"href":"https:\/\/inclusioaltemporda.cat\/portal\/wp-json\/wp\/v2\/posts\/2229","targetHints":{"allow":["GET"]}}],"collection":[{"href":"https:\/\/inclusioaltemporda.cat\/portal\/wp-json\/wp\/v2\/posts"}],"about":[{"href":"https:\/\/inclusioaltemporda.cat\/portal\/wp-json\/wp\/v2\/types\/post"}],"author":[{"embeddable":true,"href":"https:\/\/inclusioaltemporda.cat\/portal\/wp-json\/wp\/v2\/users\/3"}],"replies":[{"embeddable":true,"href":"https:\/\/inclusioaltemporda.cat\/portal\/wp-json\/wp\/v2\/comments?post=2229"}],"version-history":[{"count":5,"href":"https:\/\/inclusioaltemporda.cat\/portal\/wp-json\/wp\/v2\/posts\/2229\/revisions"}],"predecessor-version":[{"id":3235,"href":"https:\/\/inclusioaltemporda.cat\/portal\/wp-json\/wp\/v2\/posts\/2229\/revisions\/3235"}],"wp:featuredmedia":[{"embeddable":true,"href":"https:\/\/inclusioaltemporda.cat\/portal\/wp-json\/wp\/v2\/media\/2231"}],"wp:attachment":[{"href":"https:\/\/inclusioaltemporda.cat\/portal\/wp-json\/wp\/v2\/media?parent=2229"}],"wp:term":[{"taxonomy":"category","embeddable":true,"href":"https:\/\/inclusioaltemporda.cat\/portal\/wp-json\/wp\/v2\/categories?post=2229"},{"taxonomy":"post_tag","embeddable":true,"href":"https:\/\/inclusioaltemporda.cat\/portal\/wp-json\/wp\/v2\/tags?post=2229"}],"curies":[{"name":"wp","href":"https:\/\/api.w.org\/{rel}","templated":true}]}}