{"id":2251,"date":"2013-07-31T09:52:14","date_gmt":"2013-07-31T08:52:14","guid":{"rendered":"https:\/\/inclusioaltemporda.cat\/portal\/?p=2251"},"modified":"2016-02-01T09:22:24","modified_gmt":"2016-02-01T08:22:24","slug":"bicicletes-sense-fronteres-posa-en-marxa-un-taller-dinsercio-social-a-masarac","status":"publish","type":"post","link":"https:\/\/inclusioaltemporda.cat\/portal\/bicicletes-sense-fronteres-posa-en-marxa-un-taller-dinsercio-social-a-masarac\/","title":{"rendered":"Bicicletes sense fronteres posa en marxa un taller d&#8217;inserci\u00f3 social a Masarac"},"content":{"rendered":"<p><!--:CA-->L&#8217;associaci\u00f3 <a title=\"Bicicletes sense fronteres\" href=\"http:\/\/www.bicicletassinfronteras.org\/catala\/index.html\">Bicicletes sense fronteres<\/a>, amb seu a Masarac, ha posat en marxa al llarg d&#8217;aquest any un taller d&#8217;inserci\u00f3 social per a persones en risc d&#8217;exclusi\u00f3 social que t\u00e9 com a finalitat reparar bicicletes i posar-les de nou en circulaci\u00f3 en projectes solidaris.<\/p>\n<p>El mes de juny passat 80 bicis reparades en aquest taller van comen\u00e7ar a rodar per diversos municipis de l&#8217;estat. Aquesta iniciativa ha comptat amb el <a title=\"patrocini d'empreses solid\u00e0ries\" href=\"http:\/\/www.bicicletassinfronteras.org\/catala\/empreses-que-es-mullen.html\">patrocini d&#8217;empreses solid\u00e0ries<\/a> de la comarca i ha comptat amb el suport dels germans Pau i Marc Gasol, com a ambaixadors del projecte. Podeu veure el v\u00eddeo en aquest<a title=\"enlla\u00e7\" href=\"http:\/\/www.youtube.com\/watch?v=dfOwgJjQ2Mo\"> enlla\u00e7<\/a>.<\/p>\n<p>Bicicletes sense fronteres va iniciar la seva activitat l&#8217;abril de l&#8217;any passat i t\u00e9 com a objectiu reciclar i recuperar bicicletes velles que provinguin d&#8217;arreu del pa\u00eds. Les bicicletes s\u00f3n reparades i pintades de groc i s\u00f3n lliurades a persones que les necessiten, majorit\u00e0riament persones sense recursos que les utilitzen per anar a treballar i infants i adolescents en risc d&#8217;exclusi\u00f3 social.<\/p>\n<p>L&#8217;\u00e0rea de Benestar del Consell Comarcal va col\u00b7laborar amb aquesta associaci\u00f3 el Nadal passat i 125 bibicletes grogues es van lliurar a infants i adolescents en risc de la comarca.<!--:--><\/p>\n","protected":false},"excerpt":{"rendered":"<p>L&#8217;associaci\u00f3 Bicicletes sense fronteres, amb seu a Masarac, ha posat en marxa al llarg d&#8217;aquest any un taller d&#8217;inserci\u00f3 social per a persones en risc d&#8217;exclusi\u00f3 social que t\u00e9 com&hellip;<\/p>\n","protected":false},"author":3,"featured_media":2252,"comment_status":"closed","ping_status":"closed","sticky":false,"template":"","format":"standard","meta":{"footnotes":""},"categories":[101,104,108],"tags":[24],"class_list":["post-2251","post","type-post","status-publish","format-standard","has-post-thumbnail","hentry","category-ciutadania","category-entitats-socials","category-mitjans-comunicacio","tag-inclusio-social","category-101","category-104","category-108","description-off"],"_links":{"self":[{"href":"https:\/\/inclusioaltemporda.cat\/portal\/wp-json\/wp\/v2\/posts\/2251","targetHints":{"allow":["GET"]}}],"collection":[{"href":"https:\/\/inclusioaltemporda.cat\/portal\/wp-json\/wp\/v2\/posts"}],"about":[{"href":"https:\/\/inclusioaltemporda.cat\/portal\/wp-json\/wp\/v2\/types\/post"}],"author":[{"embeddable":true,"href":"https:\/\/inclusioaltemporda.cat\/portal\/wp-json\/wp\/v2\/users\/3"}],"replies":[{"embeddable":true,"href":"https:\/\/inclusioaltemporda.cat\/portal\/wp-json\/wp\/v2\/comments?post=2251"}],"version-history":[{"count":7,"href":"https:\/\/inclusioaltemporda.cat\/portal\/wp-json\/wp\/v2\/posts\/2251\/revisions"}],"predecessor-version":[{"id":3331,"href":"https:\/\/inclusioaltemporda.cat\/portal\/wp-json\/wp\/v2\/posts\/2251\/revisions\/3331"}],"wp:featuredmedia":[{"embeddable":true,"href":"https:\/\/inclusioaltemporda.cat\/portal\/wp-json\/wp\/v2\/media\/2252"}],"wp:attachment":[{"href":"https:\/\/inclusioaltemporda.cat\/portal\/wp-json\/wp\/v2\/media?parent=2251"}],"wp:term":[{"taxonomy":"category","embeddable":true,"href":"https:\/\/inclusioaltemporda.cat\/portal\/wp-json\/wp\/v2\/categories?post=2251"},{"taxonomy":"post_tag","embeddable":true,"href":"https:\/\/inclusioaltemporda.cat\/portal\/wp-json\/wp\/v2\/tags?post=2251"}],"curies":[{"name":"wp","href":"https:\/\/api.w.org\/{rel}","templated":true}]}}