{"id":2259,"date":"2013-08-01T10:00:48","date_gmt":"2013-08-01T09:00:48","guid":{"rendered":"https:\/\/inclusioaltemporda.cat\/portal\/?p=2259"},"modified":"2016-02-01T09:22:24","modified_gmt":"2016-02-01T08:22:24","slug":"casal-destiu-de-lassociacio-tramuntanets-a-roses","status":"publish","type":"post","link":"https:\/\/inclusioaltemporda.cat\/portal\/casal-destiu-de-lassociacio-tramuntanets-a-roses\/","title":{"rendered":"Casal d&#8217;estiu de l&#8217;Associaci\u00f3 Tramuntanets a Roses"},"content":{"rendered":"<p><!--:CA-->L&#8217;<a href=\"http:\/\/www.tramuntanets.net\/inici.html\" target=\"_blank\">Associaci\u00f3 Tramuntanets<\/a> organitza una any m\u00e9s durant els mesos de juliol i agost un casal d\u2019estiu per a nens i nenes amb discapacitat al municipi de Roses. El casal, el qual est\u00e0 desenvolupant les seves activitats a les instal\u00b7lacions de l&#8217;escola Vicen\u00e7 Vives en horari de mat\u00ed i tarda, ofereix tot un seguit d\u2019activitats l\u00fadiques i did\u00e0ctiques als 21 infants participants, que estan dirigides per 5 monitors i voluntaris de la poblaci\u00f3.<\/p>\n<p>A m\u00e9s de les activitats desenvolupades a la mateixa escola, el casal tamb\u00e9 du a terme un cop a la setmana sortides i visites a diferents espais i equipaments per tal que els participants coneguin millor el municipi, i alhora per a donar a con\u00e8ixer l&#8217;activitat de lleure educatiu\u00a0 que du a terme l&#8217;Associaci\u00f3 Tramuntanets. En les activitats quotidianes dels casal tamb\u00e9 hi han incloses activitats de piscina i vela que es duen a terme fora de l&#8217;escola Vicen\u00e7 Vives.<\/p>\n<p>El casal d&#8217;estiu, que compta amb el suport de l&#8217;Ajuntament de Roses, t\u00e9 previst finalitzar les activitats el dia 30 d&#8217;agost<!--:--><\/p>\n","protected":false},"excerpt":{"rendered":"<p>L&#8217;Associaci\u00f3 Tramuntanets organitza una any m\u00e9s durant els mesos de juliol i agost un casal d\u2019estiu per a nens i nenes amb discapacitat al municipi de Roses. El casal, el&hellip;<\/p>\n","protected":false},"author":2,"featured_media":1729,"comment_status":"closed","ping_status":"closed","sticky":false,"template":"","format":"standard","meta":{"footnotes":""},"categories":[101,104,108,11],"tags":[119,42,52,24,17,51],"class_list":["post-2259","post","type-post","status-publish","format-standard","has-post-thumbnail","hentry","category-ciutadania","category-entitats-socials","category-mitjans-comunicacio","category-taula-inclusio","tag-agenda-ca","tag-ajuntament-roses","tag-entitats-de-la-taula","tag-inclusio-social","tag-taula","tag-voluntariat","category-101","category-104","category-108","category-11","description-off"],"_links":{"self":[{"href":"https:\/\/inclusioaltemporda.cat\/portal\/wp-json\/wp\/v2\/posts\/2259","targetHints":{"allow":["GET"]}}],"collection":[{"href":"https:\/\/inclusioaltemporda.cat\/portal\/wp-json\/wp\/v2\/posts"}],"about":[{"href":"https:\/\/inclusioaltemporda.cat\/portal\/wp-json\/wp\/v2\/types\/post"}],"author":[{"embeddable":true,"href":"https:\/\/inclusioaltemporda.cat\/portal\/wp-json\/wp\/v2\/users\/2"}],"replies":[{"embeddable":true,"href":"https:\/\/inclusioaltemporda.cat\/portal\/wp-json\/wp\/v2\/comments?post=2259"}],"version-history":[{"count":5,"href":"https:\/\/inclusioaltemporda.cat\/portal\/wp-json\/wp\/v2\/posts\/2259\/revisions"}],"predecessor-version":[{"id":3330,"href":"https:\/\/inclusioaltemporda.cat\/portal\/wp-json\/wp\/v2\/posts\/2259\/revisions\/3330"}],"wp:featuredmedia":[{"embeddable":true,"href":"https:\/\/inclusioaltemporda.cat\/portal\/wp-json\/wp\/v2\/media\/1729"}],"wp:attachment":[{"href":"https:\/\/inclusioaltemporda.cat\/portal\/wp-json\/wp\/v2\/media?parent=2259"}],"wp:term":[{"taxonomy":"category","embeddable":true,"href":"https:\/\/inclusioaltemporda.cat\/portal\/wp-json\/wp\/v2\/categories?post=2259"},{"taxonomy":"post_tag","embeddable":true,"href":"https:\/\/inclusioaltemporda.cat\/portal\/wp-json\/wp\/v2\/tags?post=2259"}],"curies":[{"name":"wp","href":"https:\/\/api.w.org\/{rel}","templated":true}]}}