{"id":2269,"date":"2013-08-06T13:53:29","date_gmt":"2013-08-06T12:53:29","guid":{"rendered":"https:\/\/inclusioaltemporda.cat\/portal\/?p=2269"},"modified":"2016-01-29T17:07:45","modified_gmt":"2016-01-29T16:07:45","slug":"larea-de-benestar-social-els-serveis-socials-basics","status":"publish","type":"post","link":"https:\/\/inclusioaltemporda.cat\/portal\/larea-de-benestar-social-els-serveis-socials-basics\/","title":{"rendered":"L&#8217;\u00c0rea de Benestar social: els Serveis socials b\u00e0sics"},"content":{"rendered":"<p><!--:CA-->Amb aquest entrada iniciem la secci\u00f3 &#8220;l&#8217;\u00c0rea de Benestar social&#8221; que tindr\u00e0 com objectiu presentar els diferents recursos i serveis dels que disposa l&#8217;\u00e0rea de Benestar del Consell Comarcal de l&#8217;Alt Empord\u00e0, aix\u00ed com un resum de les dades m\u00e9s rellevants dels serveis recollides en les mem\u00f2ries de l&#8217;ens dels darrers anys. Encetem aquest espai amb els Serveis b\u00e0sics d&#8217;atenci\u00f3 social.<\/p>\n<p>Els Serveis socials b\u00e0sics s\u00f3n el primer nivell d&#8217;atenci\u00f3 p\u00fablica de la xarxa de benestar. Estan integrats per diferents equips t\u00e8cnics que tenen com a funci\u00f3 con\u00e8ixer, prevenir i activar actuacions destinades a promoure la inclusi\u00f3 social de persones, fam\u00edlies i grups socials, especialment les que presenten m\u00e9s dificultats i s\u00f3n m\u00e9s vulnerables. El Consell Comarcal de l\u2019Alt Empord\u00e0 configura l\u2019\u00c0rea B\u00e0sica de Serveis Socials en 9 Serveis B\u00e0sics d\u2019Atenci\u00f3 Social (SBAS), que es distribueixen en \u00e0rees territorials d\u2019intervenci\u00f3 d&#8217;acord amb un criteri de proximitat geogr\u00e0fica i de distribuci\u00f3 de la poblaci\u00f3, tal i com mostra el mapa seg\u00fcent.<\/p>\n<p>Tal i com indiquen les dades presentades en la <a href=\"https:\/\/inclusioaltemporda.cat\/portal\/wp-content\/uploads\/MEM%C3%92RIA-SERVEIS-SOCIALS.pdf\">mem\u00f2ria de l&#8217;\u00e0rea de Benestar de l&#8217;any passat<\/a>, l&#8217;evoluci\u00f3 dels principals indicadors dels serveis socials b\u00e0sics mostren com, en els darrers anys i pel que fa al volum de poblaci\u00f3 atesa, s&#8217;ha produ\u00eft una inflexi\u00f3 creixent que coincideix amb l&#8217;any en qu\u00e8 esclata la crisi econ\u00f2mica. Mentre que l&#8217;any 2004 la poblaci\u00f3 atesa pels serveis socials b\u00e0sics representava el 5,7% del total de la comarca, l&#8217;any 2012 la poblaci\u00f3 atesa representava el 12,4%. L&#8217;any passat es varen atendre unes 12000 persones des dels serveis social b\u00e0sics.<\/p>\n<p>La distribuci\u00f3 de la poblaci\u00f3 atesa per grups d&#8217;edat mostra com gaireb\u00e9 la meitat de les persones ateses l&#8217;any 2012 tenien entre 19 i 64 anys, mentre que la poblaci\u00f3 m\u00e9s gran de 65 anys representava una quarta part del total. Pel que fa a la nacionalitat de les persones ateses, les dades indiquen la proporci\u00f3 de persones de nacionalitat espanyola i d&#8217;origen estranger ateses pels serveis socials b\u00e0sics va ser molt similar a la realitat demogr\u00e0fica de la comarca.<\/p>\n<p>Pel que fa a les principals problem\u00e0tiques ateses pels serveis socials b\u00e0sics l&#8217;any 2012 \u00e9s rellevant destacar com el 26,5% van ser de car\u00e0cter econ\u00f2mic; el 17,6% estaven relacionades amb la salut; el 16,4% vinculades a l&#8217;\u00e0mbit laboral i un 15% estaven relacionades amb mancances socials.<!--:--><\/p>\n","protected":false},"excerpt":{"rendered":"<p>Amb aquest entrada iniciem la secci\u00f3 &#8220;l&#8217;\u00c0rea de Benestar social&#8221; que tindr\u00e0 com objectiu presentar els diferents recursos i serveis dels que disposa l&#8217;\u00e0rea de Benestar del Consell Comarcal de&hellip;<\/p>\n","protected":false},"author":2,"featured_media":1291,"comment_status":"closed","ping_status":"open","sticky":false,"template":"","format":"standard","meta":{"footnotes":""},"categories":[106,100,101,108,102],"tags":[34,27,79,24,16],"class_list":["post-2269","post","type-post","status-publish","format-standard","has-post-thumbnail","hentry","category-administracions","category-area-benestar","category-ciutadania","category-mitjans-comunicacio","category-professionals-ambit-social","tag-aula-professionals","tag-benestar-ccae","tag-cartera-de-serveis","tag-inclusio-social","tag-pla-inclusio","category-106","category-100","category-101","category-108","category-102","description-off"],"_links":{"self":[{"href":"https:\/\/inclusioaltemporda.cat\/portal\/wp-json\/wp\/v2\/posts\/2269","targetHints":{"allow":["GET"]}}],"collection":[{"href":"https:\/\/inclusioaltemporda.cat\/portal\/wp-json\/wp\/v2\/posts"}],"about":[{"href":"https:\/\/inclusioaltemporda.cat\/portal\/wp-json\/wp\/v2\/types\/post"}],"author":[{"embeddable":true,"href":"https:\/\/inclusioaltemporda.cat\/portal\/wp-json\/wp\/v2\/users\/2"}],"replies":[{"embeddable":true,"href":"https:\/\/inclusioaltemporda.cat\/portal\/wp-json\/wp\/v2\/comments?post=2269"}],"version-history":[{"count":4,"href":"https:\/\/inclusioaltemporda.cat\/portal\/wp-json\/wp\/v2\/posts\/2269\/revisions"}],"predecessor-version":[{"id":3326,"href":"https:\/\/inclusioaltemporda.cat\/portal\/wp-json\/wp\/v2\/posts\/2269\/revisions\/3326"}],"wp:featuredmedia":[{"embeddable":true,"href":"https:\/\/inclusioaltemporda.cat\/portal\/wp-json\/wp\/v2\/media\/1291"}],"wp:attachment":[{"href":"https:\/\/inclusioaltemporda.cat\/portal\/wp-json\/wp\/v2\/media?parent=2269"}],"wp:term":[{"taxonomy":"category","embeddable":true,"href":"https:\/\/inclusioaltemporda.cat\/portal\/wp-json\/wp\/v2\/categories?post=2269"},{"taxonomy":"post_tag","embeddable":true,"href":"https:\/\/inclusioaltemporda.cat\/portal\/wp-json\/wp\/v2\/tags?post=2269"}],"curies":[{"name":"wp","href":"https:\/\/api.w.org\/{rel}","templated":true}]}}