{"id":2273,"date":"2013-08-07T08:30:59","date_gmt":"2013-08-07T07:30:59","guid":{"rendered":"https:\/\/inclusioaltemporda.cat\/portal\/?p=2273"},"modified":"2014-03-05T18:13:45","modified_gmt":"2014-03-05T17:13:45","slug":"larea-de-benestar-social-servei-dhabitatge-social","status":"publish","type":"post","link":"https:\/\/inclusioaltemporda.cat\/portal\/larea-de-benestar-social-servei-dhabitatge-social\/","title":{"rendered":"L&#8217;\u00c0rea de Benestar social: Servei d&#8217;habitatge social"},"content":{"rendered":"<p><!--:CA-->El Servei d&#8217;Habitatge Social \u00e9s un servei de resid\u00e8ncia temporal per a persones adultes en situaci\u00f3 d&#8217;exclusi\u00f3 social i fam\u00edlies monomarentals i monoparentals amb fills\/es a c\u00e0rrec que no disposen de xarxa familiar o de suport de proximitat. Des de l&#8217;any 2008, el servei disposa de 3 habitatges que compten amb 10 places.<\/p>\n<p>Tal i com indiquen les dades presentades en la <a href=\"https:\/\/inclusioaltemporda.cat\/portal\/wp-content\/uploads\/MEM%C3%92RIA-SERVEIS-SOCIALS.pdf\">mem\u00f2ria de l\u2019\u00e0rea de Benestar<\/a>, l&#8217;any 2012 el servei va atendre un total de 20 persones. El percentatge d&#8217;ocupaci\u00f3 dels habitatges al llarg de l&#8217;any va ser del 85%<!--:--><\/p>\n","protected":false},"excerpt":{"rendered":"<p>El Servei d&#8217;Habitatge Social \u00e9s un servei de resid\u00e8ncia temporal per a persones adultes en situaci\u00f3 d&#8217;exclusi\u00f3 social i fam\u00edlies monomarentals i monoparentals amb fills\/es a c\u00e0rrec que no disposen&hellip;<\/p>\n","protected":false},"author":2,"featured_media":2275,"comment_status":"open","ping_status":"open","sticky":false,"template":"","format":"standard","meta":{"footnotes":""},"categories":[106,100,101,105,104,108,102],"tags":[34,27,79,24,16],"class_list":["post-2273","post","type-post","status-publish","format-standard","has-post-thumbnail","hentry","category-administracions","category-area-benestar","category-ciutadania","category-empreses","category-entitats-socials","category-mitjans-comunicacio","category-professionals-ambit-social","tag-aula-professionals","tag-benestar-ccae","tag-cartera-de-serveis","tag-inclusio-social","tag-pla-inclusio","category-106","category-100","category-101","category-105","category-104","category-108","category-102","description-off"],"_links":{"self":[{"href":"https:\/\/inclusioaltemporda.cat\/portal\/wp-json\/wp\/v2\/posts\/2273","targetHints":{"allow":["GET"]}}],"collection":[{"href":"https:\/\/inclusioaltemporda.cat\/portal\/wp-json\/wp\/v2\/posts"}],"about":[{"href":"https:\/\/inclusioaltemporda.cat\/portal\/wp-json\/wp\/v2\/types\/post"}],"author":[{"embeddable":true,"href":"https:\/\/inclusioaltemporda.cat\/portal\/wp-json\/wp\/v2\/users\/2"}],"replies":[{"embeddable":true,"href":"https:\/\/inclusioaltemporda.cat\/portal\/wp-json\/wp\/v2\/comments?post=2273"}],"version-history":[{"count":5,"href":"https:\/\/inclusioaltemporda.cat\/portal\/wp-json\/wp\/v2\/posts\/2273\/revisions"}],"predecessor-version":[{"id":3325,"href":"https:\/\/inclusioaltemporda.cat\/portal\/wp-json\/wp\/v2\/posts\/2273\/revisions\/3325"}],"wp:featuredmedia":[{"embeddable":true,"href":"https:\/\/inclusioaltemporda.cat\/portal\/wp-json\/wp\/v2\/media\/2275"}],"wp:attachment":[{"href":"https:\/\/inclusioaltemporda.cat\/portal\/wp-json\/wp\/v2\/media?parent=2273"}],"wp:term":[{"taxonomy":"category","embeddable":true,"href":"https:\/\/inclusioaltemporda.cat\/portal\/wp-json\/wp\/v2\/categories?post=2273"},{"taxonomy":"post_tag","embeddable":true,"href":"https:\/\/inclusioaltemporda.cat\/portal\/wp-json\/wp\/v2\/tags?post=2273"}],"curies":[{"name":"wp","href":"https:\/\/api.w.org\/{rel}","templated":true}]}}