{"id":2280,"date":"2013-08-08T08:36:16","date_gmt":"2013-08-08T06:36:16","guid":{"rendered":"https:\/\/inclusioaltemporda.cat\/portal\/?p=2280"},"modified":"2014-03-05T18:14:28","modified_gmt":"2014-03-05T17:14:28","slug":"jornada-solidaria-nedem-pel-cancer13","status":"publish","type":"post","link":"https:\/\/inclusioaltemporda.cat\/portal\/jornada-solidaria-nedem-pel-cancer13\/","title":{"rendered":"Jornada solid\u00e0ria Nedem pel c\u00e0ncer&#8217;13"},"content":{"rendered":"<p>El proper dissabte 10 d&#8217;agost, la <a href=\"http:\/\/http:\/\/www.fundacioroses.org\/index.php\/inici\" target=\"_blank\">Fundaci\u00f3 Roses contra el c\u00e0ncer<\/a> organitza un esdeveniment solidari amb l&#8217;objectiu de sensibilitzar la poblaci\u00f3 del municipi sobre les conseq\u00fc\u00e8ncies de la malaltia<\/p>\n<p>L&#8217;acte es celebrar\u00e0 a la Piscina municipal de Roses, que estar\u00e0 oberta de 8:00-14:00 i de 16:00-19:00, i comptar\u00e0 amb activitats per a totes les franges d&#8217;edat. L&#8217;entrada solid\u00e0ria que abonaran els participants servir\u00e0 per a finan\u00e7ar els diferents programes i serveis que du a terme l&#8217;entitat rosinca.<\/p>\n<p>La Fundaci\u00f3 Roses Contra el C\u00e0ncer, que \u00e9s una entitat membre de la <a href=\"https:\/\/inclusioaltemporda.cat\/portal\/taula-per-a-la-inclusio\/\">Taula per a la Inclusi\u00f3<\/a>, \u00e9s una instituci\u00f3 privada sense afany de lucre que t\u00e9 entre les seves finalitats, donar suport econ\u00f2mic, psicol\u00f2gic, moral i social als malalts de c\u00e0ncer de la poblaci\u00f3 de Roses i voltants, conscienciar i sensibilitzar als habitants de Roses sobre les conseq\u00fc\u00e8ncies de la malaltia mitjan\u00e7ant l\u2019organitzaci\u00f3 de diferents actes socials, i promoure l\u2019esperit solidari dels habitants de Roses respecte aquesta malaltia.<\/p>\n","protected":false},"excerpt":{"rendered":"<p>El proper dissabte 10 d&#8217;agost, la Fundaci\u00f3 Roses contra el c\u00e0ncer organitza un esdeveniment solidari amb l&#8217;objectiu de sensibilitzar la poblaci\u00f3 del municipi sobre les conseq\u00fc\u00e8ncies de la malaltia L&#8217;acte&hellip;<\/p>\n","protected":false},"author":2,"featured_media":2281,"comment_status":"open","ping_status":"open","sticky":false,"template":"","format":"standard","meta":{"footnotes":""},"categories":[101,105,104,108,11],"tags":[52,17,51],"class_list":["post-2280","post","type-post","status-publish","format-standard","has-post-thumbnail","hentry","category-ciutadania","category-empreses","category-entitats-socials","category-mitjans-comunicacio","category-taula-inclusio","tag-entitats-de-la-taula","tag-taula","tag-voluntariat","category-101","category-105","category-104","category-108","category-11","description-off"],"_links":{"self":[{"href":"https:\/\/inclusioaltemporda.cat\/portal\/wp-json\/wp\/v2\/posts\/2280","targetHints":{"allow":["GET"]}}],"collection":[{"href":"https:\/\/inclusioaltemporda.cat\/portal\/wp-json\/wp\/v2\/posts"}],"about":[{"href":"https:\/\/inclusioaltemporda.cat\/portal\/wp-json\/wp\/v2\/types\/post"}],"author":[{"embeddable":true,"href":"https:\/\/inclusioaltemporda.cat\/portal\/wp-json\/wp\/v2\/users\/2"}],"replies":[{"embeddable":true,"href":"https:\/\/inclusioaltemporda.cat\/portal\/wp-json\/wp\/v2\/comments?post=2280"}],"version-history":[{"count":4,"href":"https:\/\/inclusioaltemporda.cat\/portal\/wp-json\/wp\/v2\/posts\/2280\/revisions"}],"predecessor-version":[{"id":2285,"href":"https:\/\/inclusioaltemporda.cat\/portal\/wp-json\/wp\/v2\/posts\/2280\/revisions\/2285"}],"wp:featuredmedia":[{"embeddable":true,"href":"https:\/\/inclusioaltemporda.cat\/portal\/wp-json\/wp\/v2\/media\/2281"}],"wp:attachment":[{"href":"https:\/\/inclusioaltemporda.cat\/portal\/wp-json\/wp\/v2\/media?parent=2280"}],"wp:term":[{"taxonomy":"category","embeddable":true,"href":"https:\/\/inclusioaltemporda.cat\/portal\/wp-json\/wp\/v2\/categories?post=2280"},{"taxonomy":"post_tag","embeddable":true,"href":"https:\/\/inclusioaltemporda.cat\/portal\/wp-json\/wp\/v2\/tags?post=2280"}],"curies":[{"name":"wp","href":"https:\/\/api.w.org\/{rel}","templated":true}]}}