{"id":2290,"date":"2013-08-12T09:40:07","date_gmt":"2013-08-12T07:40:07","guid":{"rendered":"https:\/\/inclusioaltemporda.cat\/portal\/?p=2290"},"modified":"2014-03-05T18:15:52","modified_gmt":"2014-03-05T17:15:52","slug":"larea-de-benestar-social-crae-lalbera","status":"publish","type":"post","link":"https:\/\/inclusioaltemporda.cat\/portal\/larea-de-benestar-social-crae-lalbera\/","title":{"rendered":"L&#8217;\u00c0rea de Benestar social: CRAE l&#8217;Albera"},"content":{"rendered":"<p>El Centre Residencial d&#8217;Acci\u00f3 Educativa l&#8217;Albera (CRAE) \u00e9s un servei especialitzat en l&#8217;\u00e0mbit de l&#8217;atenci\u00f3 a la inf\u00e0ncia, que est\u00e0 ubicat a Figueres, i que consta de 16 places residencials per a infants i adolescents entre 2 i 18 anys tutelats per la Generalitat.<\/p>\n<p>Al llarg de l&#8217;any 2012 les places del CRAE han estat ocupades el 100% del temps, a trav\u00e9s de les que s&#8217;han at\u00e8s un total de 21 nens i nenes, 15 dels quals de la comarca de l&#8217;Alt Empord\u00e0. El 57% eren majors de 12 anys i el 43% menors d&#8217;aquesta edat. El 70% eren nois i el 30% noies.<\/p>\n<p>Pel que fa a les activitats dutes a terme al CRAE cal destacar, d&#8217;una banda, la III Jornada de Portes Obertes del Centre que va tenir lloc el novembre de 2012 adre\u00e7ada a les fam\u00edlies dels infants i adolescents acollits i, de l&#8217;altra, la realitzaci\u00f3 d&#8217;una Guia B\u00e0sica d&#8217;intervenci\u00f3 educativa adre\u00e7ada a les fam\u00edlies.<\/p>\n<p>Aquest servei est\u00e0 gestionat per Suara Cooperativa.<\/p>\n","protected":false},"excerpt":{"rendered":"<p>El Centre Residencial d&#8217;Acci\u00f3 Educativa l&#8217;Albera (CRAE) \u00e9s un servei especialitzat en l&#8217;\u00e0mbit de l&#8217;atenci\u00f3 a la inf\u00e0ncia, que est\u00e0 ubicat a Figueres, i que consta de 16 places residencials&hellip;<\/p>\n","protected":false},"author":2,"featured_media":2291,"comment_status":"open","ping_status":"open","sticky":false,"template":"","format":"standard","meta":{"footnotes":""},"categories":[106,100,101,105,104,108],"tags":[27,79,24],"class_list":["post-2290","post","type-post","status-publish","format-standard","has-post-thumbnail","hentry","category-administracions","category-area-benestar","category-ciutadania","category-empreses","category-entitats-socials","category-mitjans-comunicacio","tag-benestar-ccae","tag-cartera-de-serveis","tag-inclusio-social","category-106","category-100","category-101","category-105","category-104","category-108","description-off"],"_links":{"self":[{"href":"https:\/\/inclusioaltemporda.cat\/portal\/wp-json\/wp\/v2\/posts\/2290","targetHints":{"allow":["GET"]}}],"collection":[{"href":"https:\/\/inclusioaltemporda.cat\/portal\/wp-json\/wp\/v2\/posts"}],"about":[{"href":"https:\/\/inclusioaltemporda.cat\/portal\/wp-json\/wp\/v2\/types\/post"}],"author":[{"embeddable":true,"href":"https:\/\/inclusioaltemporda.cat\/portal\/wp-json\/wp\/v2\/users\/2"}],"replies":[{"embeddable":true,"href":"https:\/\/inclusioaltemporda.cat\/portal\/wp-json\/wp\/v2\/comments?post=2290"}],"version-history":[{"count":3,"href":"https:\/\/inclusioaltemporda.cat\/portal\/wp-json\/wp\/v2\/posts\/2290\/revisions"}],"predecessor-version":[{"id":3594,"href":"https:\/\/inclusioaltemporda.cat\/portal\/wp-json\/wp\/v2\/posts\/2290\/revisions\/3594"}],"wp:featuredmedia":[{"embeddable":true,"href":"https:\/\/inclusioaltemporda.cat\/portal\/wp-json\/wp\/v2\/media\/2291"}],"wp:attachment":[{"href":"https:\/\/inclusioaltemporda.cat\/portal\/wp-json\/wp\/v2\/media?parent=2290"}],"wp:term":[{"taxonomy":"category","embeddable":true,"href":"https:\/\/inclusioaltemporda.cat\/portal\/wp-json\/wp\/v2\/categories?post=2290"},{"taxonomy":"post_tag","embeddable":true,"href":"https:\/\/inclusioaltemporda.cat\/portal\/wp-json\/wp\/v2\/tags?post=2290"}],"curies":[{"name":"wp","href":"https:\/\/api.w.org\/{rel}","templated":true}]}}