{"id":2294,"date":"2013-08-13T11:22:55","date_gmt":"2013-08-13T09:22:55","guid":{"rendered":"https:\/\/inclusioaltemporda.cat\/portal\/?p=2294"},"modified":"2014-03-05T18:16:39","modified_gmt":"2014-03-05T17:16:39","slug":"signatura-del-contracte-programa-2013-amb-el-departament-de-benestar-social-i-familia","status":"publish","type":"post","link":"https:\/\/inclusioaltemporda.cat\/portal\/signatura-del-contracte-programa-2013-amb-el-departament-de-benestar-social-i-familia\/","title":{"rendered":"Signatura del Contracte programa 2013 amb el Departament de Benestar Social i Fam\u00edlia"},"content":{"rendered":"<p>Aquest mes de juliol el Consell Comarcal de l&#8217;Alt Empord\u00e0 ha signat amb el Departament de Benestar Social i Fam\u00edlia (DBSiF) l&#8217;actualitzaci\u00f3 per al present any del Contracte programa 2012-2015 en mat\u00e8ria de serveis socials. Aquest estableix les l\u00ednies de col\u00b7laboraci\u00f3 entre ambd\u00f3s organismes per a la prestaci\u00f3 de serveis i programes relatius al benestar social i les pol\u00edtiques d&#8217;igualtat a la comarca.<\/p>\n<p>En l\u00ednies generals el Contracte programa, que ser\u00e0 vigent fins el 31 de desembre, preveu per enguany la continu\u00eftat de tots els programes i serveis que l&#8217;\u00c0rea de Benestar del Consell Comarcal prestava l&#8217;any anterior. En aquest sentit, cal destacar el manteniment del pressupost associat a aquest respecte l&#8217;any anterior. El Contracte programa permet desenvolupar a la comarca els serveis b\u00e0sics d&#8217;atenci\u00f3 social prim\u00e0ria, els programes preventius di\u00fcrns per a infants i adolescents, el servei de resposta urgent per a dones que es troben en situaci\u00f3 de viol\u00e8ncia, els serveis d&#8217;acollida i integraci\u00f3 a persones estrangeres immigrades, el Pla per a la Inclusi\u00f3 i la Cohesi\u00f3 social, els servei de transport adaptat, l&#8217;equip d&#8217;atenci\u00f3 a la inf\u00e0ncia i l&#8217;adolesc\u00e8ncia, el programa d&#8217;atenci\u00f3 social a persones afectades pel VIH, el programa d&#8217;atenci\u00f3 social a persones amb drogodepend\u00e8ncies, el servei d&#8217;atenci\u00f3 i informaci\u00f3 a les dones i els \u00f2rgans de participaci\u00f3 de serveis socials. Aquest tamb\u00e9 dota de recursos al Consell Comarcal per actuar davant les situacions d&#8217;urg\u00e8ncia social generades per la crisi econ\u00f2mica, i per a desenvolupar a la comarca la Llei de la Depend\u00e8ncia.<\/p>\n<p>El Contracte programa 2012-2015 posa \u00e8mfasi en la import\u00e0ncia de fer d&#8217;aquest acord de col\u00b7laboraci\u00f3 interadministratiu l&#8217;\u00fanic instrument de relaci\u00f3 amb els ens locals del DBSiF, incloent per tant en aquest tots els serveis i programes de l&#8217;\u00e0mbit competencial del DBSiF. Per altra banda, el Contracte programa vigent actualment tamb\u00e9 comporta un aven\u00e7 en la definici\u00f3 de criteris objectius, transparents i mesurables en la prestaci\u00f3 i el finan\u00e7ament dels diferents serveis i programes inclosos, que permetr\u00e0 millorar-ne l&#8217;avaluaci\u00f3.<\/p>\n","protected":false},"excerpt":{"rendered":"<p><!--:CA-->En l\u00ednies ge<!--:--><\/p>\n","protected":false},"author":2,"featured_media":1626,"comment_status":"open","ping_status":"open","sticky":false,"template":"","format":"standard","meta":{"footnotes":""},"categories":[106,100,105,108],"tags":[27,24,40],"class_list":["post-2294","post","type-post","status-publish","format-standard","has-post-thumbnail","hentry","category-administracions","category-area-benestar","category-empreses","category-mitjans-comunicacio","tag-benestar-ccae","tag-inclusio-social","tag-recursos","category-106","category-100","category-105","category-108","description-off"],"_links":{"self":[{"href":"https:\/\/inclusioaltemporda.cat\/portal\/wp-json\/wp\/v2\/posts\/2294","targetHints":{"allow":["GET"]}}],"collection":[{"href":"https:\/\/inclusioaltemporda.cat\/portal\/wp-json\/wp\/v2\/posts"}],"about":[{"href":"https:\/\/inclusioaltemporda.cat\/portal\/wp-json\/wp\/v2\/types\/post"}],"author":[{"embeddable":true,"href":"https:\/\/inclusioaltemporda.cat\/portal\/wp-json\/wp\/v2\/users\/2"}],"replies":[{"embeddable":true,"href":"https:\/\/inclusioaltemporda.cat\/portal\/wp-json\/wp\/v2\/comments?post=2294"}],"version-history":[{"count":7,"href":"https:\/\/inclusioaltemporda.cat\/portal\/wp-json\/wp\/v2\/posts\/2294\/revisions"}],"predecessor-version":[{"id":2301,"href":"https:\/\/inclusioaltemporda.cat\/portal\/wp-json\/wp\/v2\/posts\/2294\/revisions\/2301"}],"wp:featuredmedia":[{"embeddable":true,"href":"https:\/\/inclusioaltemporda.cat\/portal\/wp-json\/wp\/v2\/media\/1626"}],"wp:attachment":[{"href":"https:\/\/inclusioaltemporda.cat\/portal\/wp-json\/wp\/v2\/media?parent=2294"}],"wp:term":[{"taxonomy":"category","embeddable":true,"href":"https:\/\/inclusioaltemporda.cat\/portal\/wp-json\/wp\/v2\/categories?post=2294"},{"taxonomy":"post_tag","embeddable":true,"href":"https:\/\/inclusioaltemporda.cat\/portal\/wp-json\/wp\/v2\/tags?post=2294"}],"curies":[{"name":"wp","href":"https:\/\/api.w.org\/{rel}","templated":true}]}}