{"id":2303,"date":"2013-08-14T09:09:30","date_gmt":"2013-08-14T07:09:30","guid":{"rendered":"https:\/\/inclusioaltemporda.cat\/portal\/?p=2303"},"modified":"2014-03-05T18:17:23","modified_gmt":"2014-03-05T17:17:23","slug":"larea-de-benestar-social-els-centres-de-distribucio-daliments","status":"publish","type":"post","link":"https:\/\/inclusioaltemporda.cat\/portal\/larea-de-benestar-social-els-centres-de-distribucio-daliments\/","title":{"rendered":"L&#8217;\u00c0rea de Benestar Social: els Centres de distribuci\u00f3 d&#8217;aliments"},"content":{"rendered":"<p>En aquest moment econ\u00f2mic cr\u00edtic la q\u00fcesti\u00f3 de l&#8217;alimentaci\u00f3 familiar i infantil ha esdevingut una prioritat per a moltes fam\u00edlies. Els serveis socials b\u00e0sics treballen conjuntament amb les entitats del tercer sector per tal de cobrir aquestes necessitats en el territori.<\/p>\n<p>El Consell Comarcal de l&#8217;Alt Empord\u00e0 t\u00e9 establerta la col\u00b7laboraci\u00f3 amb les diferents C\u00e0ritas Parroquials que hi ha a la comarca, per tal garantir l&#8217;acc\u00e9s de les fam\u00edlies als Centres de distribuci\u00f3 d&#8217;aliments (CDA) en aquells municipis en que l&#8217;entitat t\u00e9 pres\u00e8ncia i gestiona un CDA. Per tal d&#8217;atendre aquells municipis en qu\u00e8 no hi ha una entitat que es fa c\u00e0rrec d&#8217;atendre aquestes demandes, el Consell Comarcal s&#8217;ha acollit al programa CDA-Figueres que aglutina a C\u00e0ritas Figueres, Creu Roja, Ajuntament de Figueres i Consell Comarcal de l&#8217;Alt Empord\u00e0.<\/p>\n<p>Tal i com mostren les dades de la <a href=\"https:\/\/inclusioaltemporda.cat\/portal\/wp-content\/uploads\/MEM%C3%92RIA-SERVEIS-SOCIALS.pdf\">mem\u00f2ria de l\u2019\u00e0rea de Benestar<\/a>, durant l&#8217;any 2012 els 8 CDA que actualment funcionen a la comarca varen atendre un total de 4704 persones.<\/p>\n","protected":false},"excerpt":{"rendered":"<p>En aquest moment econ\u00f2mic cr\u00edtic la q\u00fcesti\u00f3 de l&#8217;alimentaci\u00f3 familiar i infantil ha esdevingut una prioritat per a moltes fam\u00edlies. Els serveis socials b\u00e0sics treballen conjuntament amb les entitats del&hellip;<\/p>\n","protected":false},"author":2,"featured_media":2196,"comment_status":"open","ping_status":"open","sticky":false,"template":"","format":"standard","meta":{"footnotes":""},"categories":[106,100,101,105,104,108],"tags":[27,79,24],"class_list":["post-2303","post","type-post","status-publish","format-standard","has-post-thumbnail","hentry","category-administracions","category-area-benestar","category-ciutadania","category-empreses","category-entitats-socials","category-mitjans-comunicacio","tag-benestar-ccae","tag-cartera-de-serveis","tag-inclusio-social","category-106","category-100","category-101","category-105","category-104","category-108","description-off"],"_links":{"self":[{"href":"https:\/\/inclusioaltemporda.cat\/portal\/wp-json\/wp\/v2\/posts\/2303","targetHints":{"allow":["GET"]}}],"collection":[{"href":"https:\/\/inclusioaltemporda.cat\/portal\/wp-json\/wp\/v2\/posts"}],"about":[{"href":"https:\/\/inclusioaltemporda.cat\/portal\/wp-json\/wp\/v2\/types\/post"}],"author":[{"embeddable":true,"href":"https:\/\/inclusioaltemporda.cat\/portal\/wp-json\/wp\/v2\/users\/2"}],"replies":[{"embeddable":true,"href":"https:\/\/inclusioaltemporda.cat\/portal\/wp-json\/wp\/v2\/comments?post=2303"}],"version-history":[{"count":6,"href":"https:\/\/inclusioaltemporda.cat\/portal\/wp-json\/wp\/v2\/posts\/2303\/revisions"}],"predecessor-version":[{"id":3595,"href":"https:\/\/inclusioaltemporda.cat\/portal\/wp-json\/wp\/v2\/posts\/2303\/revisions\/3595"}],"wp:featuredmedia":[{"embeddable":true,"href":"https:\/\/inclusioaltemporda.cat\/portal\/wp-json\/wp\/v2\/media\/2196"}],"wp:attachment":[{"href":"https:\/\/inclusioaltemporda.cat\/portal\/wp-json\/wp\/v2\/media?parent=2303"}],"wp:term":[{"taxonomy":"category","embeddable":true,"href":"https:\/\/inclusioaltemporda.cat\/portal\/wp-json\/wp\/v2\/categories?post=2303"},{"taxonomy":"post_tag","embeddable":true,"href":"https:\/\/inclusioaltemporda.cat\/portal\/wp-json\/wp\/v2\/tags?post=2303"}],"curies":[{"name":"wp","href":"https:\/\/api.w.org\/{rel}","templated":true}]}}