{"id":2310,"date":"2013-08-16T09:03:33","date_gmt":"2013-08-16T07:03:33","guid":{"rendered":"https:\/\/inclusioaltemporda.cat\/portal\/?p=2310"},"modified":"2014-03-05T18:18:02","modified_gmt":"2014-03-05T17:18:02","slug":"larea-de-benestar-social-lequip-datencio-a-la-infancia-i-ladolescencia","status":"publish","type":"post","link":"https:\/\/inclusioaltemporda.cat\/portal\/larea-de-benestar-social-lequip-datencio-a-la-infancia-i-ladolescencia\/","title":{"rendered":"L&#8217;\u00c0rea de Benestar Social: L&#8217;Equip d&#8217;Atenci\u00f3 a la Inf\u00e0ncia i l&#8217;Adolesc\u00e8ncia"},"content":{"rendered":"<p>L&#8217;Equip d&#8217;Atenci\u00f3 a la Inf\u00e0ncia i l&#8217;Adolesc\u00e8ncia (EAIA) \u00e9s un equip de funcionament interdisciplinar, que es fa c\u00e0rrec de la valoraci\u00f3, actuaci\u00f3 i atenci\u00f3 dels infants en risc greu o en situaci\u00f3 de desemparament a la comarca, aix\u00ed com el seguiment i el tractament de les seves fam\u00edlies. El seu \u00e0mbit d\u2019actuaci\u00f3 \u00e9s comarcal i t\u00e9 com a objectiu protegir als infants i adolescents que es troben en un ambient social i\/o familiar, que incideix negativament en el seu desenvolupament integral.<\/p>\n<p>D&#8217;acord amb les dades que ens ofereix la <a href=\"https:\/\/inclusioaltemporda.cat\/portal\/wp-content\/uploads\/MEM%C3%92RIA-SERVEIS-SOCIALS.pdf\">mem\u00f2ria de l\u2019\u00c0rea de Benestar<\/a> del Consell Comarcal, l&#8217;any 2012 l&#8217;EAIA va atendre un total de 251 menors de la comarca, m\u00e9s les seves fam\u00edlies. Una xifra pr\u00e0cticament id\u00e8ntica a la de l&#8217;any anterior (252).\u00a0 Les vies d&#8217;entrada de casos a l&#8217;EAIA varen ser en un 37% dels casos el\u00a0 Servei d&#8217;Atenci\u00f3 a la Inf\u00e0ncia i a l&#8217;Adolesc\u00e8ncia de la Generalitat, mentre que el 63% de casos restants provenien dels Serveis Socials d&#8217;Atenci\u00f3 Prim\u00e0ria de la comarca.<\/p>\n","protected":false},"excerpt":{"rendered":"<p>L&#8217;Equip d&#8217;Atenci\u00f3 a la Inf\u00e0ncia i l&#8217;Adolesc\u00e8ncia (EAIA) \u00e9s un equip de funcionament interdisciplinar, que es fa c\u00e0rrec de la valoraci\u00f3, actuaci\u00f3 i atenci\u00f3 dels infants en risc greu o&hellip;<\/p>\n","protected":false},"author":2,"featured_media":1786,"comment_status":"open","ping_status":"open","sticky":false,"template":"","format":"standard","meta":{"footnotes":""},"categories":[106,100,101,105,104,108],"tags":[27,79,80],"class_list":["post-2310","post","type-post","status-publish","format-standard","has-post-thumbnail","hentry","category-administracions","category-area-benestar","category-ciutadania","category-empreses","category-entitats-socials","category-mitjans-comunicacio","tag-benestar-ccae","tag-cartera-de-serveis","tag-infancia","category-106","category-100","category-101","category-105","category-104","category-108","description-off"],"_links":{"self":[{"href":"https:\/\/inclusioaltemporda.cat\/portal\/wp-json\/wp\/v2\/posts\/2310","targetHints":{"allow":["GET"]}}],"collection":[{"href":"https:\/\/inclusioaltemporda.cat\/portal\/wp-json\/wp\/v2\/posts"}],"about":[{"href":"https:\/\/inclusioaltemporda.cat\/portal\/wp-json\/wp\/v2\/types\/post"}],"author":[{"embeddable":true,"href":"https:\/\/inclusioaltemporda.cat\/portal\/wp-json\/wp\/v2\/users\/2"}],"replies":[{"embeddable":true,"href":"https:\/\/inclusioaltemporda.cat\/portal\/wp-json\/wp\/v2\/comments?post=2310"}],"version-history":[{"count":3,"href":"https:\/\/inclusioaltemporda.cat\/portal\/wp-json\/wp\/v2\/posts\/2310\/revisions"}],"predecessor-version":[{"id":2313,"href":"https:\/\/inclusioaltemporda.cat\/portal\/wp-json\/wp\/v2\/posts\/2310\/revisions\/2313"}],"wp:featuredmedia":[{"embeddable":true,"href":"https:\/\/inclusioaltemporda.cat\/portal\/wp-json\/wp\/v2\/media\/1786"}],"wp:attachment":[{"href":"https:\/\/inclusioaltemporda.cat\/portal\/wp-json\/wp\/v2\/media?parent=2310"}],"wp:term":[{"taxonomy":"category","embeddable":true,"href":"https:\/\/inclusioaltemporda.cat\/portal\/wp-json\/wp\/v2\/categories?post=2310"},{"taxonomy":"post_tag","embeddable":true,"href":"https:\/\/inclusioaltemporda.cat\/portal\/wp-json\/wp\/v2\/tags?post=2310"}],"curies":[{"name":"wp","href":"https:\/\/api.w.org\/{rel}","templated":true}]}}