{"id":2314,"date":"2013-08-20T08:39:25","date_gmt":"2013-08-20T06:39:25","guid":{"rendered":"https:\/\/inclusioaltemporda.cat\/portal\/?p=2314"},"modified":"2014-03-05T18:18:47","modified_gmt":"2014-03-05T17:18:47","slug":"larea-de-benestar-social-gennep","status":"publish","type":"post","link":"https:\/\/inclusioaltemporda.cat\/portal\/larea-de-benestar-social-gennep\/","title":{"rendered":"L&#8217;\u00c0rea de Benestar Social: GENNEP"},"content":{"rendered":"<p>El GENNEP \u00e9s un servei d&#8217;atenci\u00f3 psicol\u00f2gica preventiu i d&#8217;intervenci\u00f3 adre\u00e7at a nois\/es adolescents d&#8217;entre 12 i 18 anys residents a la comarca que han patit o pateixen situacions de viol\u00e8ncia en l&#8217;\u00e0mbit familiar, escolar, de la parella i\/o social.<\/p>\n<p>Tal i com ens mostren les dades la <a href=\"https:\/\/inclusioaltemporda.cat\/portal\/wp-content\/uploads\/MEM%C3%92RIA-SERVEIS-SOCIALS.pdf\">mem\u00f2ria de l\u2019\u00c0rea de Benestar<\/a> durant l&#8217;any 2012 el GENNEP va atendre 52 menors, que suposen un augment de 10 usuaris respecte l&#8217;any anterior. Aquesta xifra \u00e9s la m\u00e9s elevada des que el programa es va posar en funcionament l&#8217;any 2007.<\/p>\n<p>Al llarg de l&#8217;any 2012 hi varen haver 40 derivacions cap al servei, fet que denota una bona integraci\u00f3 d&#8217;aquest recurs en la xarxa comarcal d&#8217;atenci\u00f3 a la inf\u00e0ncia i adolesc\u00e8ncia. En els casos treballats, els adolescents van valorar positivament el proc\u00e9s terap\u00e8utic, especialment la proximitat i la confidencialitat de l&#8217;espai.<\/p>\n","protected":false},"excerpt":{"rendered":"<p>El GENNEP \u00e9s un servei d&#8217;atenci\u00f3 psicol\u00f2gica preventiu i d&#8217;intervenci\u00f3 adre\u00e7at a nois\/es adolescents d&#8217;entre 12 i 18 anys residents a la comarca que han patit o pateixen situacions de&hellip;<\/p>\n","protected":false},"author":2,"featured_media":1664,"comment_status":"open","ping_status":"open","sticky":false,"template":"","format":"standard","meta":{"footnotes":""},"categories":[106,100,101,103,108],"tags":[27,79,24,40],"class_list":["post-2314","post","type-post","status-publish","format-standard","has-post-thumbnail","hentry","category-administracions","category-area-benestar","category-ciutadania","category-estudiants-escoles-instituts","category-mitjans-comunicacio","tag-benestar-ccae","tag-cartera-de-serveis","tag-inclusio-social","tag-recursos","category-106","category-100","category-101","category-103","category-108","description-off"],"_links":{"self":[{"href":"https:\/\/inclusioaltemporda.cat\/portal\/wp-json\/wp\/v2\/posts\/2314","targetHints":{"allow":["GET"]}}],"collection":[{"href":"https:\/\/inclusioaltemporda.cat\/portal\/wp-json\/wp\/v2\/posts"}],"about":[{"href":"https:\/\/inclusioaltemporda.cat\/portal\/wp-json\/wp\/v2\/types\/post"}],"author":[{"embeddable":true,"href":"https:\/\/inclusioaltemporda.cat\/portal\/wp-json\/wp\/v2\/users\/2"}],"replies":[{"embeddable":true,"href":"https:\/\/inclusioaltemporda.cat\/portal\/wp-json\/wp\/v2\/comments?post=2314"}],"version-history":[{"count":7,"href":"https:\/\/inclusioaltemporda.cat\/portal\/wp-json\/wp\/v2\/posts\/2314\/revisions"}],"predecessor-version":[{"id":2322,"href":"https:\/\/inclusioaltemporda.cat\/portal\/wp-json\/wp\/v2\/posts\/2314\/revisions\/2322"}],"wp:featuredmedia":[{"embeddable":true,"href":"https:\/\/inclusioaltemporda.cat\/portal\/wp-json\/wp\/v2\/media\/1664"}],"wp:attachment":[{"href":"https:\/\/inclusioaltemporda.cat\/portal\/wp-json\/wp\/v2\/media?parent=2314"}],"wp:term":[{"taxonomy":"category","embeddable":true,"href":"https:\/\/inclusioaltemporda.cat\/portal\/wp-json\/wp\/v2\/categories?post=2314"},{"taxonomy":"post_tag","embeddable":true,"href":"https:\/\/inclusioaltemporda.cat\/portal\/wp-json\/wp\/v2\/tags?post=2314"}],"curies":[{"name":"wp","href":"https:\/\/api.w.org\/{rel}","templated":true}]}}