{"id":2323,"date":"2013-08-21T08:43:34","date_gmt":"2013-08-21T06:43:34","guid":{"rendered":"https:\/\/inclusioaltemporda.cat\/portal\/?p=2323"},"modified":"2014-03-05T18:19:32","modified_gmt":"2014-03-05T17:19:32","slug":"larea-de-benestar-social-projectes-preventius-diurns","status":"publish","type":"post","link":"https:\/\/inclusioaltemporda.cat\/portal\/larea-de-benestar-social-projectes-preventius-diurns\/","title":{"rendered":"L&#8217;\u00c0rea de Benestar Social: Projectes preventius di\u00fcrns"},"content":{"rendered":"<p>El Servei de Projectes Preventius Di\u00fcrns t\u00e9 com a finalitat oferir als infants de 6 a 12 anys de la comarca un marc educatiu i referencial on incidir en els d\u00e8ficits socioeducatius, familiars i\/o de l\u2019entorn, afavorint una xarxa preventiva de proximitat a partir d\u2019un suport escolar i\/o d\u2019activitats l\u00fadiques i educatives.<\/p>\n<p>L&#8217;any 2012 el projecte es va dur a terme en els municipis de Sant Pere Pescador, Sant Miquel de Fluvi\u00e0 i La Jonquera. Segons dades de la\u00a0<a href=\"https:\/\/inclusioaltemporda.cat\/portal\/wp-content\/uploads\/MEM%C3%92RIA-SERVEIS-SOCIALS.pdf\">mem\u00f2ria de l\u2019\u00c0rea de Benestar<\/a> varen participar en el programa 41 infants dels quals un 15% tenien entre 3 i 6 anys i el 85% restant entre 7 i 12 anys. Els participants varen ser derivats per les escoles i els serveis b\u00e0sics d&#8217;atenci\u00f3 social prim\u00e0ria dels municipis en q\u00fcesti\u00f3.<\/p>\n<p>Durant l&#8217;any 2012 es va intensificat el treball de coordinaci\u00f3 entre els professionals que dinamitzen les activitats, l\u2019escola i els serveis socials, permetent una millora en el coneixement de les necessitats educatives dels infants participants.<\/p>\n<p>La prestaci\u00f3 del servei es fa a trav\u00e9s de la <a href=\"http:\/\/www.suara.coop\/\" target=\"_blank\">cooperativa Suara<\/a>.<\/p>\n","protected":false},"excerpt":{"rendered":"<p>El Servei de Projectes Preventius Di\u00fcrns t\u00e9 com a finalitat oferir als infants de 6 a 12 anys de la comarca un marc educatiu i referencial on incidir en els&hellip;<\/p>\n","protected":false},"author":2,"featured_media":1381,"comment_status":"open","ping_status":"open","sticky":false,"template":"","format":"standard","meta":{"footnotes":""},"categories":[106,100,101,105,104,103,108],"tags":[27,79,24],"class_list":["post-2323","post","type-post","status-publish","format-standard","has-post-thumbnail","hentry","category-administracions","category-area-benestar","category-ciutadania","category-empreses","category-entitats-socials","category-estudiants-escoles-instituts","category-mitjans-comunicacio","tag-benestar-ccae","tag-cartera-de-serveis","tag-inclusio-social","category-106","category-100","category-101","category-105","category-104","category-103","category-108","description-off"],"_links":{"self":[{"href":"https:\/\/inclusioaltemporda.cat\/portal\/wp-json\/wp\/v2\/posts\/2323","targetHints":{"allow":["GET"]}}],"collection":[{"href":"https:\/\/inclusioaltemporda.cat\/portal\/wp-json\/wp\/v2\/posts"}],"about":[{"href":"https:\/\/inclusioaltemporda.cat\/portal\/wp-json\/wp\/v2\/types\/post"}],"author":[{"embeddable":true,"href":"https:\/\/inclusioaltemporda.cat\/portal\/wp-json\/wp\/v2\/users\/2"}],"replies":[{"embeddable":true,"href":"https:\/\/inclusioaltemporda.cat\/portal\/wp-json\/wp\/v2\/comments?post=2323"}],"version-history":[{"count":6,"href":"https:\/\/inclusioaltemporda.cat\/portal\/wp-json\/wp\/v2\/posts\/2323\/revisions"}],"predecessor-version":[{"id":2329,"href":"https:\/\/inclusioaltemporda.cat\/portal\/wp-json\/wp\/v2\/posts\/2323\/revisions\/2329"}],"wp:featuredmedia":[{"embeddable":true,"href":"https:\/\/inclusioaltemporda.cat\/portal\/wp-json\/wp\/v2\/media\/1381"}],"wp:attachment":[{"href":"https:\/\/inclusioaltemporda.cat\/portal\/wp-json\/wp\/v2\/media?parent=2323"}],"wp:term":[{"taxonomy":"category","embeddable":true,"href":"https:\/\/inclusioaltemporda.cat\/portal\/wp-json\/wp\/v2\/categories?post=2323"},{"taxonomy":"post_tag","embeddable":true,"href":"https:\/\/inclusioaltemporda.cat\/portal\/wp-json\/wp\/v2\/tags?post=2323"}],"curies":[{"name":"wp","href":"https:\/\/api.w.org\/{rel}","templated":true}]}}