{"id":2330,"date":"2013-08-22T14:07:31","date_gmt":"2013-08-22T12:07:31","guid":{"rendered":"https:\/\/inclusioaltemporda.cat\/portal\/?p=2330"},"modified":"2014-03-05T18:20:07","modified_gmt":"2014-03-05T17:20:07","slug":"larea-de-benestar-social-la-motxilla-pedagogica","status":"publish","type":"post","link":"https:\/\/inclusioaltemporda.cat\/portal\/larea-de-benestar-social-la-motxilla-pedagogica\/","title":{"rendered":"L&#8217;\u00c0rea de Benestar Social: la Motxilla Pedag\u00f2gica"},"content":{"rendered":"<p>La <a href=\"http:\/\/www.altemporda.org\/portal\/arees-i-serveis\/benestar-social\/atencio-a-la-familia-infancia-adolescencia-i-dona\/motxilla-pedagogica\">Motxilla Pedag\u00f2gica<\/a> \u00e9s un recurs que aglutina tota l&#8217;oferta educativa que des de les diferents \u00e0rees del Consell Comarcal s\u2019adre\u00e7a als centres educatius de la comarca. Les activitats de la motxilla pedag\u00f2gica s\u00f3n accessibles mitjan\u00e7ant la p\u00e0gina web del Consell i la sol\u00b7licitud per part dels centres s&#8217;ha de realitzar per via telem\u00e0tica. Des del curs escolar 2010-2011 algunes de les activitats incloses a la Motxilla estan finan\u00e7ades en part pels centres educatius que les sol\u00b7liciten.<\/p>\n<p>Durant <a href=\"https:\/\/inclusioaltemporda.cat\/portal\/wp-content\/uploads\/MEM%C3%92RIA-SERVEIS-SOCIALS.pdf\">el curs escolar 2011-2012<\/a> la Motxilla Pedag\u00f2gica comptava amb 66 activitat, 36 de les quals adre\u00e7ades a alumnat d\u2019educaci\u00f3 prim\u00e0ria i la resta (30) a alumnat de secund\u00e0ria. Els centres d&#8217;ensenyaments varen sol\u00b7licitar 137 tallers, en els que participaren 2.000 alumnes. El darrer curs escolar, l&#8217;oferta d&#8217;activitats es va mantenir estable, tot i que els centres nom\u00e9s varen sol\u00b7licitar la realitzaci\u00f3 de 55 tallers.<\/p>\n<p>Les activitats per al curs escolar 2013-2014 es poden consultar en <a href=\"http:\/\/www.altemporda.org\/portal\/arees-i-serveis\/benestar-social\/atencio-a-la-familia-infancia-adolescencia-i-dona\/motxilla-pedagogica\">aquesta p\u00e0gina<\/a>. Les sol\u00b7licituds s&#8217;han de fer a trav\u00e9s <a href=\"http:\/\/www.altemporda.org\/portal\/index.php?option=com_chronoforms&amp;chronoform=formulari_activitats_motxilla\">d&#8217;aquest formulari<\/a>, i la data l\u00edmit per fer-ho \u00e9s el dia 21 d&#8217;octubre.<\/p>\n","protected":false},"excerpt":{"rendered":"<p>La Motxilla Pedag\u00f2gica \u00e9s un recurs que aglutina tota l&#8217;oferta educativa que des de les diferents \u00e0rees del Consell Comarcal s\u2019adre\u00e7a als centres educatius de la comarca. Les activitats de&hellip;<\/p>\n","protected":false},"author":2,"featured_media":1368,"comment_status":"open","ping_status":"open","sticky":false,"template":"","format":"standard","meta":{"footnotes":""},"categories":[106,100,101,103,108],"tags":[27,79,24],"class_list":["post-2330","post","type-post","status-publish","format-standard","has-post-thumbnail","hentry","category-administracions","category-area-benestar","category-ciutadania","category-estudiants-escoles-instituts","category-mitjans-comunicacio","tag-benestar-ccae","tag-cartera-de-serveis","tag-inclusio-social","category-106","category-100","category-101","category-103","category-108","description-off"],"_links":{"self":[{"href":"https:\/\/inclusioaltemporda.cat\/portal\/wp-json\/wp\/v2\/posts\/2330","targetHints":{"allow":["GET"]}}],"collection":[{"href":"https:\/\/inclusioaltemporda.cat\/portal\/wp-json\/wp\/v2\/posts"}],"about":[{"href":"https:\/\/inclusioaltemporda.cat\/portal\/wp-json\/wp\/v2\/types\/post"}],"author":[{"embeddable":true,"href":"https:\/\/inclusioaltemporda.cat\/portal\/wp-json\/wp\/v2\/users\/2"}],"replies":[{"embeddable":true,"href":"https:\/\/inclusioaltemporda.cat\/portal\/wp-json\/wp\/v2\/comments?post=2330"}],"version-history":[{"count":9,"href":"https:\/\/inclusioaltemporda.cat\/portal\/wp-json\/wp\/v2\/posts\/2330\/revisions"}],"predecessor-version":[{"id":3596,"href":"https:\/\/inclusioaltemporda.cat\/portal\/wp-json\/wp\/v2\/posts\/2330\/revisions\/3596"}],"wp:featuredmedia":[{"embeddable":true,"href":"https:\/\/inclusioaltemporda.cat\/portal\/wp-json\/wp\/v2\/media\/1368"}],"wp:attachment":[{"href":"https:\/\/inclusioaltemporda.cat\/portal\/wp-json\/wp\/v2\/media?parent=2330"}],"wp:term":[{"taxonomy":"category","embeddable":true,"href":"https:\/\/inclusioaltemporda.cat\/portal\/wp-json\/wp\/v2\/categories?post=2330"},{"taxonomy":"post_tag","embeddable":true,"href":"https:\/\/inclusioaltemporda.cat\/portal\/wp-json\/wp\/v2\/tags?post=2330"}],"curies":[{"name":"wp","href":"https:\/\/api.w.org\/{rel}","templated":true}]}}