{"id":2340,"date":"2013-08-23T09:30:29","date_gmt":"2013-08-23T07:30:29","guid":{"rendered":"https:\/\/inclusioaltemporda.cat\/portal\/?p=2340"},"modified":"2014-03-05T18:20:43","modified_gmt":"2014-03-05T17:20:43","slug":"larea-de-benestar-social-programa-comarcal-de-prevencio-de-drogodependencies","status":"publish","type":"post","link":"https:\/\/inclusioaltemporda.cat\/portal\/larea-de-benestar-social-programa-comarcal-de-prevencio-de-drogodependencies\/","title":{"rendered":"L&#8217;\u00c0rea de Benestar Social: Programa comarcal de prevenci\u00f3 de Drogodepend\u00e8ncies"},"content":{"rendered":"<p>El Programa comarcal de prevenci\u00f3 de Drogodepend\u00e8ncies t\u00e9 com a objectiu evitar, retardar o disminuir eventuals contactes dels infants i adolescents amb les drogues i\/o reduir els problemes que se&#8217;n puguin derivar.<\/p>\n<p>Un dels recursos que formen part del programa \u00e9s el Servei de Mesures Educatives Alternatives a la Sanci\u00f3 Administrativa (SMEASA), que es va posar en funcionament l&#8217;any 2011 a Figueres a trav\u00e9s d&#8217;un projecte pilot. El mes de maig de 2012 el projecte es va ampliar al municipi de la Jonquera, i per a l&#8217;any 2013 est\u00e0 previst que tamb\u00e9 s&#8217;hi acullin els municipis de Roses, Castell\u00f3 d&#8217;Emp\u00faries i L&#8217;Escala. D&#8217;acord amb la <a href=\"https:\/\/inclusioaltemporda.cat\/portal\/wp-content\/uploads\/MEM%C3%92RIA-SERVEIS-SOCIALS.pdf\">mem\u00f2ria de l&#8217;\u00c0rea de Benestar social del Consell Comarcal<\/a>, l&#8217;any 2012 es varen realitzar 14 processos socio-educatius en el marc del SMEASA.<\/p>\n<p>Durant l&#8217;any 2012, en el marc del Programa comarca de prevenci\u00f3 de Drogodepend\u00e8ncies tamb\u00e9 es varen dur a terme actuacions com: l&#8217;inici del plantejament d&#8217;elaboraci\u00f3 d&#8217;un Pla Local de Prevenci\u00f3 de Drogodepend\u00e8ncies a Cadaqu\u00e9s; el disseny, presentaci\u00f3 i distribuci\u00f3 als centres educatius de prim\u00e0ria i secund\u00e0ria de 7.000 exemplars de la Guia de Fam\u00edlies \u201cEducar \u00e9s prevenir\u201d; i la 11\u00e8na edici\u00f3 del Concurs de Cartells del dia Mundial Sense Tabac.<\/p>\n<p>Per aquest any 2013 est\u00e0 prevista la participaci\u00f3 en el programa pilot del material \u201cA primera l\u00ednia amb ells\u201d de prevenci\u00f3 selectiva, del Departament de Salut de la Generalitat de Catalunya i la realitzaci\u00f3 d&#8217;una <a href=\"https:\/\/inclusioaltemporda.cat\/portal\/inauguracio-de-lexposicio-restrospectiva-sobre-12-anys-del-concurs-comarcal-cartells-dia-mundial-sense-tabac-3-de-juny\/\">exposici\u00f3 retrospectiva dels 12 anys d&#8217;edici\u00f3 de Calendaris Escolars<\/a> vinculats al Concurs de Cartells del Dia Mundial sense tabac.<\/p>\n","protected":false},"excerpt":{"rendered":"<p>El Programa comarcal de prevenci\u00f3 de Drogodepend\u00e8ncies t\u00e9 com a objectiu evitar, retardar o disminuir eventuals contactes dels infants i adolescents amb les drogues i\/o reduir els problemes que se&#8217;n&hellip;<\/p>\n","protected":false},"author":2,"featured_media":2345,"comment_status":"open","ping_status":"open","sticky":false,"template":"","format":"standard","meta":{"footnotes":""},"categories":[106,100,101,104,103,108],"tags":[27,79,24],"class_list":["post-2340","post","type-post","status-publish","format-standard","has-post-thumbnail","hentry","category-administracions","category-area-benestar","category-ciutadania","category-entitats-socials","category-estudiants-escoles-instituts","category-mitjans-comunicacio","tag-benestar-ccae","tag-cartera-de-serveis","tag-inclusio-social","category-106","category-100","category-101","category-104","category-103","category-108","description-off"],"_links":{"self":[{"href":"https:\/\/inclusioaltemporda.cat\/portal\/wp-json\/wp\/v2\/posts\/2340","targetHints":{"allow":["GET"]}}],"collection":[{"href":"https:\/\/inclusioaltemporda.cat\/portal\/wp-json\/wp\/v2\/posts"}],"about":[{"href":"https:\/\/inclusioaltemporda.cat\/portal\/wp-json\/wp\/v2\/types\/post"}],"author":[{"embeddable":true,"href":"https:\/\/inclusioaltemporda.cat\/portal\/wp-json\/wp\/v2\/users\/2"}],"replies":[{"embeddable":true,"href":"https:\/\/inclusioaltemporda.cat\/portal\/wp-json\/wp\/v2\/comments?post=2340"}],"version-history":[{"count":3,"href":"https:\/\/inclusioaltemporda.cat\/portal\/wp-json\/wp\/v2\/posts\/2340\/revisions"}],"predecessor-version":[{"id":3597,"href":"https:\/\/inclusioaltemporda.cat\/portal\/wp-json\/wp\/v2\/posts\/2340\/revisions\/3597"}],"wp:featuredmedia":[{"embeddable":true,"href":"https:\/\/inclusioaltemporda.cat\/portal\/wp-json\/wp\/v2\/media\/2345"}],"wp:attachment":[{"href":"https:\/\/inclusioaltemporda.cat\/portal\/wp-json\/wp\/v2\/media?parent=2340"}],"wp:term":[{"taxonomy":"category","embeddable":true,"href":"https:\/\/inclusioaltemporda.cat\/portal\/wp-json\/wp\/v2\/categories?post=2340"},{"taxonomy":"post_tag","embeddable":true,"href":"https:\/\/inclusioaltemporda.cat\/portal\/wp-json\/wp\/v2\/tags?post=2340"}],"curies":[{"name":"wp","href":"https:\/\/api.w.org\/{rel}","templated":true}]}}