{"id":2348,"date":"2013-08-26T09:59:06","date_gmt":"2013-08-26T07:59:06","guid":{"rendered":"https:\/\/inclusioaltemporda.cat\/portal\/?p=2348"},"modified":"2014-03-05T18:21:27","modified_gmt":"2014-03-05T17:21:27","slug":"larea-de-benestar-social-servei-datencio-psicologica-en-lambit-familiar","status":"publish","type":"post","link":"https:\/\/inclusioaltemporda.cat\/portal\/larea-de-benestar-social-servei-datencio-psicologica-en-lambit-familiar\/","title":{"rendered":"L&#8217;\u00c0rea de Benestar Social: Servei d&#8217;atenci\u00f3 psicol\u00f2gica en l&#8217;\u00e0mbit familiar"},"content":{"rendered":"<p>El Servei d&#8217;Atenci\u00f3 Psicol\u00f2gica en l&#8217;\u00e0mbit familiar ofereix suport psicol\u00f2gic en relaci\u00f3 a situacions de crisi personal i familiar, centrat en la concepci\u00f3 sist\u00e8mica de la fam\u00edlia, potenciant els recursos resilients, les potencialitats individuals i les capacitats parentals. El servei ofereix atenci\u00f3 psicol\u00f2gica de forma individual i\/o conjunta en funci\u00f3 de cada demanda i del moment en el proc\u00e9s d&#8217;intervenci\u00f3, aix\u00ed com assessorament a professionals sobre els processos d\u2019intervenci\u00f3<\/p>\n<p>Les dades de la <a href=\"https:\/\/inclusioaltemporda.cat\/portal\/wp-content\/uploads\/MEM%C3%92RIA-SERVEIS-SOCIALS.pdf\">mem\u00f2ria de l&#8217;\u00c0rea de Benestar<\/a>, indiquen que l&#8217;any 2012 aquest servei va atendre 131 persones, dada que triplica el nombre de persones ateses des de la posada en funcionament d&#8217;aquest l&#8217;any 2006.<\/p>\n","protected":false},"excerpt":{"rendered":"<p>El Servei d&#8217;Atenci\u00f3 Psicol\u00f2gica en l&#8217;\u00e0mbit familiar ofereix suport psicol\u00f2gic en relaci\u00f3 a situacions de crisi personal i familiar, centrat en la concepci\u00f3 sist\u00e8mica de la fam\u00edlia, potenciant els recursos&hellip;<\/p>\n","protected":false},"author":2,"featured_media":2352,"comment_status":"open","ping_status":"open","sticky":false,"template":"","format":"standard","meta":{"footnotes":""},"categories":[106,100,101,104,108],"tags":[27,79,24],"class_list":["post-2348","post","type-post","status-publish","format-standard","has-post-thumbnail","hentry","category-administracions","category-area-benestar","category-ciutadania","category-entitats-socials","category-mitjans-comunicacio","tag-benestar-ccae","tag-cartera-de-serveis","tag-inclusio-social","category-106","category-100","category-101","category-104","category-108","description-off"],"_links":{"self":[{"href":"https:\/\/inclusioaltemporda.cat\/portal\/wp-json\/wp\/v2\/posts\/2348","targetHints":{"allow":["GET"]}}],"collection":[{"href":"https:\/\/inclusioaltemporda.cat\/portal\/wp-json\/wp\/v2\/posts"}],"about":[{"href":"https:\/\/inclusioaltemporda.cat\/portal\/wp-json\/wp\/v2\/types\/post"}],"author":[{"embeddable":true,"href":"https:\/\/inclusioaltemporda.cat\/portal\/wp-json\/wp\/v2\/users\/2"}],"replies":[{"embeddable":true,"href":"https:\/\/inclusioaltemporda.cat\/portal\/wp-json\/wp\/v2\/comments?post=2348"}],"version-history":[{"count":2,"href":"https:\/\/inclusioaltemporda.cat\/portal\/wp-json\/wp\/v2\/posts\/2348\/revisions"}],"predecessor-version":[{"id":2351,"href":"https:\/\/inclusioaltemporda.cat\/portal\/wp-json\/wp\/v2\/posts\/2348\/revisions\/2351"}],"wp:featuredmedia":[{"embeddable":true,"href":"https:\/\/inclusioaltemporda.cat\/portal\/wp-json\/wp\/v2\/media\/2352"}],"wp:attachment":[{"href":"https:\/\/inclusioaltemporda.cat\/portal\/wp-json\/wp\/v2\/media?parent=2348"}],"wp:term":[{"taxonomy":"category","embeddable":true,"href":"https:\/\/inclusioaltemporda.cat\/portal\/wp-json\/wp\/v2\/categories?post=2348"},{"taxonomy":"post_tag","embeddable":true,"href":"https:\/\/inclusioaltemporda.cat\/portal\/wp-json\/wp\/v2\/tags?post=2348"}],"curies":[{"name":"wp","href":"https:\/\/api.w.org\/{rel}","templated":true}]}}