{"id":2353,"date":"2013-08-27T10:27:05","date_gmt":"2013-08-27T08:27:05","guid":{"rendered":"https:\/\/inclusioaltemporda.cat\/portal\/?p=2353"},"modified":"2014-03-05T18:22:10","modified_gmt":"2014-03-05T17:22:10","slug":"larea-de-benestar-social-oficina-itinerant-dassessorament-a-lestranger","status":"publish","type":"post","link":"https:\/\/inclusioaltemporda.cat\/portal\/larea-de-benestar-social-oficina-itinerant-dassessorament-a-lestranger\/","title":{"rendered":"L&#8217;\u00c0rea de Benestar Social: Oficina Itinerant d\u2019Assessorament a l\u2019Estranger"},"content":{"rendered":"<p>Els serveis que formen part del <a href=\"http:\/\/www.altemporda.org\/portal\/arees-i-serveis\/benestar-social\/promocio-de-la-convivencia-i-la-cohesio-social-2\/pla-de-ciutadania-i-immigracio\">Pla Territorial de Ciutadania i Immigraci\u00f3 (PTCI)<\/a> tenen com a finalitat promoure la conviv\u00e8ncia i la cohesi\u00f3 social a la comarca, atenent i responent les demandes i necessitats socials que planteja la poblaci\u00f3 d&#8217;origen estranger.<\/p>\n<p>El Pla gestiona diversos serveis, entre els quals es troba l&#8217;Oficina Itinerant d\u2019Assessorament a l\u2019Estranger (OIAE), que \u00e9s un recurs de suport i de car\u00e0cter espec\u00edfic per millorar l&#8217;acollida dels ciutadans estrangers residents a la comarca en relaci\u00f3 a les q\u00fcestions o aspectes de tipus jur\u00eddic que els puguin afectar. Es tracta d&#8217;un servei de proximitat, que presta atenci\u00f3 tan directament a usuaris com a professionals de l&#8217;\u00e0mbit social, als municipis de Roses, L&#8217;Escala, Sant Pere Pescador i Figueres, on s&#8217;atenen les demandes de la resta de municipis de la comarca.<\/p>\n<p>Segons dades de la <a href=\"https:\/\/inclusioaltemporda.cat\/portal\/wp-content\/uploads\/MEM%C3%92RIA-SERVEIS-SOCIALS.pdf\">mem\u00f2ria de l&#8217;\u00c0rea de Benestar del Consell Comarcal<\/a>, l&#8217;OAIE va atendre 377 demandes l&#8217;any 2012. La majoria (37%) foren peticions relacionades amb la sol\u00b7licitud de resid\u00e8ncia (arrelament social) i un 7% de renovaci\u00f3 de permisos de resid\u00e8ncia i treball. Respecte anys anteriors el nombre d&#8217;atencions segueix sent estable, gr\u00e0cies a l\u2019esfor\u00e7 per canalitzar l\u2019acc\u00e9s al servei per als casos que requereixen un assessorament m\u00e9s especialitzat.<\/p>\n<p>&#8211;<\/p>\n","protected":false},"excerpt":{"rendered":"<p>Els serveis que formen part del Pla Territorial de Ciutadania i Immigraci\u00f3 (PTCI) tenen com a finalitat promoure la conviv\u00e8ncia i la cohesi\u00f3 social a la comarca, atenent i responent&hellip;<\/p>\n","protected":false},"author":2,"featured_media":2354,"comment_status":"open","ping_status":"open","sticky":false,"template":"","format":"standard","meta":{"footnotes":""},"categories":[106,100,101,104,108],"tags":[27,79,24,62],"class_list":["post-2353","post","type-post","status-publish","format-standard","has-post-thumbnail","hentry","category-administracions","category-area-benestar","category-ciutadania","category-entitats-socials","category-mitjans-comunicacio","tag-benestar-ccae","tag-cartera-de-serveis","tag-inclusio-social","tag-pla-ciutadania-i-immigracio","category-106","category-100","category-101","category-104","category-108","description-off"],"_links":{"self":[{"href":"https:\/\/inclusioaltemporda.cat\/portal\/wp-json\/wp\/v2\/posts\/2353","targetHints":{"allow":["GET"]}}],"collection":[{"href":"https:\/\/inclusioaltemporda.cat\/portal\/wp-json\/wp\/v2\/posts"}],"about":[{"href":"https:\/\/inclusioaltemporda.cat\/portal\/wp-json\/wp\/v2\/types\/post"}],"author":[{"embeddable":true,"href":"https:\/\/inclusioaltemporda.cat\/portal\/wp-json\/wp\/v2\/users\/2"}],"replies":[{"embeddable":true,"href":"https:\/\/inclusioaltemporda.cat\/portal\/wp-json\/wp\/v2\/comments?post=2353"}],"version-history":[{"count":4,"href":"https:\/\/inclusioaltemporda.cat\/portal\/wp-json\/wp\/v2\/posts\/2353\/revisions"}],"predecessor-version":[{"id":3598,"href":"https:\/\/inclusioaltemporda.cat\/portal\/wp-json\/wp\/v2\/posts\/2353\/revisions\/3598"}],"wp:featuredmedia":[{"embeddable":true,"href":"https:\/\/inclusioaltemporda.cat\/portal\/wp-json\/wp\/v2\/media\/2354"}],"wp:attachment":[{"href":"https:\/\/inclusioaltemporda.cat\/portal\/wp-json\/wp\/v2\/media?parent=2353"}],"wp:term":[{"taxonomy":"category","embeddable":true,"href":"https:\/\/inclusioaltemporda.cat\/portal\/wp-json\/wp\/v2\/categories?post=2353"},{"taxonomy":"post_tag","embeddable":true,"href":"https:\/\/inclusioaltemporda.cat\/portal\/wp-json\/wp\/v2\/tags?post=2353"}],"curies":[{"name":"wp","href":"https:\/\/api.w.org\/{rel}","templated":true}]}}