{"id":2358,"date":"2013-08-28T08:46:17","date_gmt":"2013-08-28T06:46:17","guid":{"rendered":"https:\/\/inclusioaltemporda.cat\/portal\/?p=2358"},"modified":"2014-03-05T18:22:48","modified_gmt":"2014-03-05T17:22:48","slug":"larea-de-benestar-social-servei-de-mediacio-intercultural","status":"publish","type":"post","link":"https:\/\/inclusioaltemporda.cat\/portal\/larea-de-benestar-social-servei-de-mediacio-intercultural\/","title":{"rendered":"L&#8217;\u00c0rea de Benestar Social: Servei de Mediaci\u00f3 Intercultural"},"content":{"rendered":"<p>El Servei de Mediaci\u00f3 Intercultural (SMI) \u00e9s un dels dispositius amb el que compta el Consell Comarcal per tal de donar resposta a les necessitats d&#8217;acollida de la poblaci\u00f3 immigrada recentment a l&#8217;Alt Empord\u00e0. L&#8217;objectiu d&#8217;aquest \u00e9s afavorir la comunicaci\u00f3 i la relaci\u00f3 entre persones culturalment diverses, i promoure l&#8217;autonomia i inserci\u00f3 social de les persones immigrades, detectant i prevenint l&#8217;aparici\u00f3 de possibles conflictes o dificultats de conviv\u00e8ncia que es poden originar en les relacions interculturals amb l&#8217;objectiu final de fomentar la cohesi\u00f3 social.<\/p>\n<p>L&#8217;equip de mediadors del Consell Comarcal va atendre 486 mediacions durant l&#8217;any 2012, de les quals el 64% varen ser a dones i el 36% amb homes, segons dades de la <a href=\"https:\/\/inclusioaltemporda.cat\/portal\/wp-content\/uploads\/MEM%C3%92RIA-SERVEIS-SOCIALS.pdf\">mem\u00f2ria de l&#8217;\u00c0rea de Benestar Social<\/a>. Les sol\u00b7licituds de mediaci\u00f3 provenen habitualment de professionals de serveis p\u00fablics dels \u00e0mbits d&#8217;atenci\u00f3 a les persones i d&#8217;entitats d&#8217;iniciativa social.<\/p>\n","protected":false},"excerpt":{"rendered":"<p>El Servei de Mediaci\u00f3 Intercultural (SMI) \u00e9s un dels dispositius amb el que compta el Consell Comarcal per tal de donar resposta a les necessitats d&#8217;acollida de la poblaci\u00f3 immigrada&hellip;<\/p>\n","protected":false},"author":2,"featured_media":2359,"comment_status":"open","ping_status":"open","sticky":false,"template":"","format":"standard","meta":{"footnotes":""},"categories":[106,100,101,104,108],"tags":[27,79,24,62],"class_list":["post-2358","post","type-post","status-publish","format-standard","has-post-thumbnail","hentry","category-administracions","category-area-benestar","category-ciutadania","category-entitats-socials","category-mitjans-comunicacio","tag-benestar-ccae","tag-cartera-de-serveis","tag-inclusio-social","tag-pla-ciutadania-i-immigracio","category-106","category-100","category-101","category-104","category-108","description-off"],"_links":{"self":[{"href":"https:\/\/inclusioaltemporda.cat\/portal\/wp-json\/wp\/v2\/posts\/2358","targetHints":{"allow":["GET"]}}],"collection":[{"href":"https:\/\/inclusioaltemporda.cat\/portal\/wp-json\/wp\/v2\/posts"}],"about":[{"href":"https:\/\/inclusioaltemporda.cat\/portal\/wp-json\/wp\/v2\/types\/post"}],"author":[{"embeddable":true,"href":"https:\/\/inclusioaltemporda.cat\/portal\/wp-json\/wp\/v2\/users\/2"}],"replies":[{"embeddable":true,"href":"https:\/\/inclusioaltemporda.cat\/portal\/wp-json\/wp\/v2\/comments?post=2358"}],"version-history":[{"count":2,"href":"https:\/\/inclusioaltemporda.cat\/portal\/wp-json\/wp\/v2\/posts\/2358\/revisions"}],"predecessor-version":[{"id":2361,"href":"https:\/\/inclusioaltemporda.cat\/portal\/wp-json\/wp\/v2\/posts\/2358\/revisions\/2361"}],"wp:featuredmedia":[{"embeddable":true,"href":"https:\/\/inclusioaltemporda.cat\/portal\/wp-json\/wp\/v2\/media\/2359"}],"wp:attachment":[{"href":"https:\/\/inclusioaltemporda.cat\/portal\/wp-json\/wp\/v2\/media?parent=2358"}],"wp:term":[{"taxonomy":"category","embeddable":true,"href":"https:\/\/inclusioaltemporda.cat\/portal\/wp-json\/wp\/v2\/categories?post=2358"},{"taxonomy":"post_tag","embeddable":true,"href":"https:\/\/inclusioaltemporda.cat\/portal\/wp-json\/wp\/v2\/tags?post=2358"}],"curies":[{"name":"wp","href":"https:\/\/api.w.org\/{rel}","templated":true}]}}