{"id":2362,"date":"2013-08-29T08:52:12","date_gmt":"2013-08-29T06:52:12","guid":{"rendered":"https:\/\/inclusioaltemporda.cat\/portal\/?p=2362"},"modified":"2014-03-05T18:23:24","modified_gmt":"2014-03-05T17:23:24","slug":"larea-de-benesta-servei-dinformacio-i-assessorament-a-les-dones","status":"publish","type":"post","link":"https:\/\/inclusioaltemporda.cat\/portal\/larea-de-benesta-servei-dinformacio-i-assessorament-a-les-dones\/","title":{"rendered":"L&#8217;\u00c0rea de Benestar Social: Servei d&#8217;Informaci\u00f3 i Assessorament a les Dones"},"content":{"rendered":"<p>El Servei d&#8217;Informaci\u00f3 i Assessorament a les Dones (SIAD) de l\u2019Alt Empord\u00e0 \u00e9s un punt d\u2019informaci\u00f3, formaci\u00f3 i assessorament sobre tots aquells temes, serveis, activitats, ajuts i recursos d\u2019inter\u00e8s per a les dones, ja siguin del mateix Consell Comarcal com tamb\u00e9 d\u2019altres entitats, institucions, ajuntaments i associacions de la comarca i de fora d\u2019aquesta. L&#8217;objectiu principal d&#8217;aquest servei \u00e9s facilitar l\u2019acc\u00e9s de les dones a la informaci\u00f3 dels serveis i recursos, potenciar la seva participaci\u00f3 a la vida p\u00fablica i l\u2019associacionisme femen\u00ed.<\/p>\n<p>El SIAD ofereix, a m\u00e9s del servei d&#8217;informaci\u00f3 general, assessorament jur\u00eddic sobre q\u00fcestions laborals, estrangeria i viol\u00e8ncia de g\u00e8nere, i serveis d&#8217;atenci\u00f3 especialitzada en l&#8217;\u00e0mbit de la viol\u00e8ncia de g\u00e8nere. L&#8217;any 2012 el SIAD va atendre 172 dones, de les quals 27 reberen assessorament legal sobre viol\u00e8ncia de g\u00e8nere a trav\u00e9s del recurs especialitzat, i 9 varen participar en l&#8217;espai terap\u00e8utic grupal. Respecte l&#8217;any anterior es va registrar un descens del 40% del nombre de dones ateses pel servei.<\/p>\n","protected":false},"excerpt":{"rendered":"<p>El Servei d&#8217;Informaci\u00f3 i Assessorament a les Dones (SIAD) de l\u2019Alt Empord\u00e0 \u00e9s un punt d\u2019informaci\u00f3, formaci\u00f3 i assessorament sobre tots aquells temes, serveis, activitats, ajuts i recursos d\u2019inter\u00e8s per&hellip;<\/p>\n","protected":false},"author":2,"featured_media":2365,"comment_status":"open","ping_status":"open","sticky":false,"template":"","format":"standard","meta":{"footnotes":""},"categories":[106,100,101,105,104,103,108],"tags":[27,79,24],"class_list":["post-2362","post","type-post","status-publish","format-standard","has-post-thumbnail","hentry","category-administracions","category-area-benestar","category-ciutadania","category-empreses","category-entitats-socials","category-estudiants-escoles-instituts","category-mitjans-comunicacio","tag-benestar-ccae","tag-cartera-de-serveis","tag-inclusio-social","category-106","category-100","category-101","category-105","category-104","category-103","category-108","description-off"],"_links":{"self":[{"href":"https:\/\/inclusioaltemporda.cat\/portal\/wp-json\/wp\/v2\/posts\/2362","targetHints":{"allow":["GET"]}}],"collection":[{"href":"https:\/\/inclusioaltemporda.cat\/portal\/wp-json\/wp\/v2\/posts"}],"about":[{"href":"https:\/\/inclusioaltemporda.cat\/portal\/wp-json\/wp\/v2\/types\/post"}],"author":[{"embeddable":true,"href":"https:\/\/inclusioaltemporda.cat\/portal\/wp-json\/wp\/v2\/users\/2"}],"replies":[{"embeddable":true,"href":"https:\/\/inclusioaltemporda.cat\/portal\/wp-json\/wp\/v2\/comments?post=2362"}],"version-history":[{"count":3,"href":"https:\/\/inclusioaltemporda.cat\/portal\/wp-json\/wp\/v2\/posts\/2362\/revisions"}],"predecessor-version":[{"id":2367,"href":"https:\/\/inclusioaltemporda.cat\/portal\/wp-json\/wp\/v2\/posts\/2362\/revisions\/2367"}],"wp:featuredmedia":[{"embeddable":true,"href":"https:\/\/inclusioaltemporda.cat\/portal\/wp-json\/wp\/v2\/media\/2365"}],"wp:attachment":[{"href":"https:\/\/inclusioaltemporda.cat\/portal\/wp-json\/wp\/v2\/media?parent=2362"}],"wp:term":[{"taxonomy":"category","embeddable":true,"href":"https:\/\/inclusioaltemporda.cat\/portal\/wp-json\/wp\/v2\/categories?post=2362"},{"taxonomy":"post_tag","embeddable":true,"href":"https:\/\/inclusioaltemporda.cat\/portal\/wp-json\/wp\/v2\/tags?post=2362"}],"curies":[{"name":"wp","href":"https:\/\/api.w.org\/{rel}","templated":true}]}}