{"id":2368,"date":"2013-08-30T09:26:04","date_gmt":"2013-08-30T07:26:04","guid":{"rendered":"https:\/\/inclusioaltemporda.cat\/portal\/?p=2368"},"modified":"2014-03-05T18:24:02","modified_gmt":"2014-03-05T17:24:02","slug":"larea-de-benestar-social-servei-de-consultoria-i-suport-tecnic","status":"publish","type":"post","link":"https:\/\/inclusioaltemporda.cat\/portal\/larea-de-benestar-social-servei-de-consultoria-i-suport-tecnic\/","title":{"rendered":"L&#8217;\u00c0rea de Benestar Social: Servei de consultoria i suport t\u00e8cnic"},"content":{"rendered":"<p>El Pla Territorial de Ciutadania i immigraci\u00f3 compta amb el Servei de consultoria i suport t\u00e8cnic, adre\u00e7at a professionals de serveis p\u00fablics que treballen en l&#8217;\u00e0mbit de l&#8217;atenci\u00f3 a les persones, ajuntaments i entitats de l&#8217;Alt Empord\u00e0, per tal d&#8217;atendre les demandes relacionades amb el fenomen migratori, que per la seva particularitat jur\u00eddica, religiosa o cultural, requereixen un assessorament t\u00e8cnic especialitzat.<\/p>\n<p>El Servei de consultoria va atendre al llarg de l&#8217;any 2012 un total de 391 consultes de professionals del Consell Comarcal i altres municipis. Entre aquestes destaquen les consultes referides als informes d&#8217;estrangeria (33%), d&#8217;arrelament social (10%) i als permisos de llarga durada (7%).<\/p>\n","protected":false},"excerpt":{"rendered":"<p>El Pla Territorial de Ciutadania i immigraci\u00f3 compta amb el Servei de consultoria i suport t\u00e8cnic, adre\u00e7at a professionals de serveis p\u00fablics que treballen en l&#8217;\u00e0mbit de l&#8217;atenci\u00f3 a les&hellip;<\/p>\n","protected":false},"author":2,"featured_media":2369,"comment_status":"open","ping_status":"open","sticky":false,"template":"","format":"standard","meta":{"footnotes":""},"categories":[106,100,101,105,104,103,108],"tags":[27,79,24,62],"class_list":["post-2368","post","type-post","status-publish","format-standard","has-post-thumbnail","hentry","category-administracions","category-area-benestar","category-ciutadania","category-empreses","category-entitats-socials","category-estudiants-escoles-instituts","category-mitjans-comunicacio","tag-benestar-ccae","tag-cartera-de-serveis","tag-inclusio-social","tag-pla-ciutadania-i-immigracio","category-106","category-100","category-101","category-105","category-104","category-103","category-108","description-off"],"_links":{"self":[{"href":"https:\/\/inclusioaltemporda.cat\/portal\/wp-json\/wp\/v2\/posts\/2368","targetHints":{"allow":["GET"]}}],"collection":[{"href":"https:\/\/inclusioaltemporda.cat\/portal\/wp-json\/wp\/v2\/posts"}],"about":[{"href":"https:\/\/inclusioaltemporda.cat\/portal\/wp-json\/wp\/v2\/types\/post"}],"author":[{"embeddable":true,"href":"https:\/\/inclusioaltemporda.cat\/portal\/wp-json\/wp\/v2\/users\/2"}],"replies":[{"embeddable":true,"href":"https:\/\/inclusioaltemporda.cat\/portal\/wp-json\/wp\/v2\/comments?post=2368"}],"version-history":[{"count":1,"href":"https:\/\/inclusioaltemporda.cat\/portal\/wp-json\/wp\/v2\/posts\/2368\/revisions"}],"predecessor-version":[{"id":2370,"href":"https:\/\/inclusioaltemporda.cat\/portal\/wp-json\/wp\/v2\/posts\/2368\/revisions\/2370"}],"wp:featuredmedia":[{"embeddable":true,"href":"https:\/\/inclusioaltemporda.cat\/portal\/wp-json\/wp\/v2\/media\/2369"}],"wp:attachment":[{"href":"https:\/\/inclusioaltemporda.cat\/portal\/wp-json\/wp\/v2\/media?parent=2368"}],"wp:term":[{"taxonomy":"category","embeddable":true,"href":"https:\/\/inclusioaltemporda.cat\/portal\/wp-json\/wp\/v2\/categories?post=2368"},{"taxonomy":"post_tag","embeddable":true,"href":"https:\/\/inclusioaltemporda.cat\/portal\/wp-json\/wp\/v2\/tags?post=2368"}],"curies":[{"name":"wp","href":"https:\/\/api.w.org\/{rel}","templated":true}]}}