{"id":2371,"date":"2013-09-02T08:24:54","date_gmt":"2013-09-02T06:24:54","guid":{"rendered":"https:\/\/inclusioaltemporda.cat\/portal\/?p=2371"},"modified":"2014-03-06T08:48:15","modified_gmt":"2014-03-06T07:48:15","slug":"primer-concurs-de-projectes-dinclusio-social-a-lalt-emporda","status":"publish","type":"post","link":"https:\/\/inclusioaltemporda.cat\/portal\/primer-concurs-de-projectes-dinclusio-social-a-lalt-emporda\/","title":{"rendered":"Primer concurs de Projectes d\u2019Inclusi\u00f3 Social a l\u2019Alt Empord\u00e0"},"content":{"rendered":"<p>El Consell Comarcal de l\u2019Alt Empord\u00e0 ha obert la convocat\u00f2ria del primer <a href=\"https:\/\/inclusioaltemporda.cat\/portal\/i-concurs-de-projectes-per-a-la-inclusio-social-a-lalt-emporda\/\">Concurs de Projectes d\u2019Inclusi\u00f3 Social a l\u2019Alt Empord\u00e0<\/a> amb l\u2019objectiu de fer emergir iniciatives innovadores en l\u2019\u00e0mbit de la inclusi\u00f3 i la cohesi\u00f3 social i finan\u00e7ar projectes en el territori. Aquesta iniciativa, que s\u2019emmarca en el Pla d\u2019Inclusi\u00f3 i Cohesi\u00f3 Social de l\u2019Alt Empord\u00e0, t\u00e9 com a finalitat millorar les condicions de vida de la poblaci\u00f3 de la comarca i refor\u00e7ar la cohesi\u00f3 social.<\/p>\n<p>Podran participar en el Concurs persones f\u00edsiques, entitats sense \u00e0nim de lucre, associacions, petites i mitjanes empreses i equips o centres de recerca d\u2019universitats, que presentin projectes d\u2019inclusi\u00f3 social a desenvolupar a la comarca de l\u2019Alt Empord\u00e0 en municipis de fins a 20.000 habitants.<\/p>\n<p>L\u2019objecte del Concurs \u00e9s atorgar ajut financer a projectes d\u2019inclusi\u00f3 social a desenvolupar en els municipis petits i mitjans de la comarca durant l\u2019any 2014. Els projectes hauran de comptar amb la participaci\u00f3, com a m\u00ednim, d\u2019una entitat social o c\u00edvica del municipi\/municipis on es dugui a terme la seva implementaci\u00f3, i es valorar\u00e0 especialment aquells projectes amb perspectiva de g\u00e8nere orientats a promoure la inclusi\u00f3 social d\u2019infants, adolescents, joves i les seves fam\u00edlies que proposin una metodologia de treball comunitari.<\/p>\n<p>Els \u00e0mbits d\u2019aplicaci\u00f3 preferent en qu\u00e8 es podran definir els projectes d\u2019inclusi\u00f3 social seran el formatiu i laboral, el residencial-habitatge, el relacional (xarxes de suport i treball amb la comunitat), i el de la ciutadania\/poblaci\u00f3 origen immigrant. Els projectes presentats hauran de tenir car\u00e0cter innovador i no estar implementats a la comarca de l\u2019Alt Empord\u00e0. Els projectes seleccionats es duran a terme durant l\u2019any 2014 en un o m\u00e9s municipis de la comarca.<\/p>\n<p>El termini de presentaci\u00f3 de candidatures finalitzar\u00e0 el dia 30 de setembre. Les sol\u00b7licituds s\u2019han de presentar seguint els requisits de la convocat\u00f2ria i els models normalitzats que trobareu en <a href=\"https:\/\/inclusioaltemporda.cat\/portal\/i-concurs-de-projectes-per-a-la-inclusio-social-a-lalt-emporda\/\">aquesta p\u00e0gina<\/a>.<\/p>\n","protected":false},"excerpt":{"rendered":"<p>El Consell Comarcal de l\u2019Alt Empord\u00e0 ha obert la convocat\u00f2ria del primer Concurs de Projectes d\u2019Inclusi\u00f3 Social a l\u2019Alt Empord\u00e0 amb l\u2019objectiu de fer emergir iniciatives innovadores en l\u2019\u00e0mbit de&hellip;<\/p>\n","protected":false},"author":2,"featured_media":1722,"comment_status":"open","ping_status":"open","sticky":false,"template":"","format":"standard","meta":{"footnotes":""},"categories":[106,100,107,101,105,104,108,12],"tags":[27,24,16],"class_list":["post-2371","post","type-post","status-publish","format-standard","has-post-thumbnail","hentry","category-administracions","category-area-benestar","category-centres-recerca-universitats","category-ciutadania","category-empreses","category-entitats-socials","category-mitjans-comunicacio","category-pla-dinclusio-2","tag-benestar-ccae","tag-inclusio-social","tag-pla-inclusio","category-106","category-100","category-107","category-101","category-105","category-104","category-108","category-12","description-off"],"_links":{"self":[{"href":"https:\/\/inclusioaltemporda.cat\/portal\/wp-json\/wp\/v2\/posts\/2371","targetHints":{"allow":["GET"]}}],"collection":[{"href":"https:\/\/inclusioaltemporda.cat\/portal\/wp-json\/wp\/v2\/posts"}],"about":[{"href":"https:\/\/inclusioaltemporda.cat\/portal\/wp-json\/wp\/v2\/types\/post"}],"author":[{"embeddable":true,"href":"https:\/\/inclusioaltemporda.cat\/portal\/wp-json\/wp\/v2\/users\/2"}],"replies":[{"embeddable":true,"href":"https:\/\/inclusioaltemporda.cat\/portal\/wp-json\/wp\/v2\/comments?post=2371"}],"version-history":[{"count":3,"href":"https:\/\/inclusioaltemporda.cat\/portal\/wp-json\/wp\/v2\/posts\/2371\/revisions"}],"predecessor-version":[{"id":4972,"href":"https:\/\/inclusioaltemporda.cat\/portal\/wp-json\/wp\/v2\/posts\/2371\/revisions\/4972"}],"wp:featuredmedia":[{"embeddable":true,"href":"https:\/\/inclusioaltemporda.cat\/portal\/wp-json\/wp\/v2\/media\/1722"}],"wp:attachment":[{"href":"https:\/\/inclusioaltemporda.cat\/portal\/wp-json\/wp\/v2\/media?parent=2371"}],"wp:term":[{"taxonomy":"category","embeddable":true,"href":"https:\/\/inclusioaltemporda.cat\/portal\/wp-json\/wp\/v2\/categories?post=2371"},{"taxonomy":"post_tag","embeddable":true,"href":"https:\/\/inclusioaltemporda.cat\/portal\/wp-json\/wp\/v2\/tags?post=2371"}],"curies":[{"name":"wp","href":"https:\/\/api.w.org\/{rel}","templated":true}]}}