{"id":2376,"date":"2013-09-03T08:46:30","date_gmt":"2013-09-03T06:46:30","guid":{"rendered":"https:\/\/inclusioaltemporda.cat\/portal\/?p=2376"},"modified":"2014-03-06T08:49:23","modified_gmt":"2014-03-06T07:49:23","slug":"obertes-les-inscripcions-del-nou-curs-de-ksameu","status":"publish","type":"post","link":"https:\/\/inclusioaltemporda.cat\/portal\/obertes-les-inscripcions-del-nou-curs-de-ksameu\/","title":{"rendered":"Obertes les inscripcions del nou curs de Ksameu"},"content":{"rendered":"<p>El projecte socieducatiu <a href=\"https:\/\/inclusioaltemporda.cat\/portal\/wp-content\/uploads\/fitxa-ksameu1.pdf\">KSAMEU<\/a> ha obert les inscripcions per al curs 2013-2014, que es podran efectuar durant els dies 12 i 13 de setembre per als joves que han participat en les activitats d&#8217;estiu o ja varen assistir durant el curs anterior, i entre el 16 i el 20 per a la resta de joves interessats.<\/p>\n<p>El projecte, engegat per la Fundaci\u00f3 privada Sant Vicen\u00e7 de Pa\u00fcl l\u2019any 2007 a partir de la reflexi\u00f3 sobre la necessitat de millorar l\u2019oferta de recursos l\u00fadics i educatius per adolescents i joves a la ciutat de Figueres,\u00a0 t\u00e9 com a principals objectius acollir i acompanyar adolescents i joves en el seu propi itinerari personal, posant esfor\u00e7 de manera especial en l\u2019educaci\u00f3 en la responsabilitat, a trav\u00e9s de d\u2019una metodologia de contracte fonamentada en els drets i deures.<\/p>\n<p>Ksameu \u00e9s un recurs que funciona de dilluns a divendres fora de l\u2019horari escolar. Aquest t\u00e9 segmentats els grups d\u2019atenci\u00f3 en funci\u00f3 de l\u2019edat dels adolescents i joves participants.<\/p>\n<p>Podeu trobar m\u00e9s informaci\u00f3 sobre el proc\u00e9s d&#8217;inscripcions al curs 2013-2014 de Ksameu en <a href=\"https:\/\/inclusioaltemporda.cat\/portal\/wp-content\/uploads\/INSCRIPCIONS-CURS-2013-14.pdf\">aquest enlla\u00e7<\/a>.<\/p>\n<div><\/div>\n<div><\/div>\n","protected":false},"excerpt":{"rendered":"<p>El projecte socieducatiu KSAMEU ha obert les inscripcions per al curs 2013-2014, que es podran efectuar durant els dies 12 i 13 de setembre per als joves que han participat&hellip;<\/p>\n","protected":false},"author":2,"featured_media":2378,"comment_status":"open","ping_status":"open","sticky":false,"template":"","format":"standard","meta":{"footnotes":""},"categories":[101,104,103,108,11],"tags":[52,24,65,17,51],"class_list":["post-2376","post","type-post","status-publish","format-standard","has-post-thumbnail","hentry","category-ciutadania","category-entitats-socials","category-estudiants-escoles-instituts","category-mitjans-comunicacio","category-taula-inclusio","tag-entitats-de-la-taula","tag-inclusio-social","tag-joves","tag-taula","tag-voluntariat","category-101","category-104","category-103","category-108","category-11","description-off"],"_links":{"self":[{"href":"https:\/\/inclusioaltemporda.cat\/portal\/wp-json\/wp\/v2\/posts\/2376","targetHints":{"allow":["GET"]}}],"collection":[{"href":"https:\/\/inclusioaltemporda.cat\/portal\/wp-json\/wp\/v2\/posts"}],"about":[{"href":"https:\/\/inclusioaltemporda.cat\/portal\/wp-json\/wp\/v2\/types\/post"}],"author":[{"embeddable":true,"href":"https:\/\/inclusioaltemporda.cat\/portal\/wp-json\/wp\/v2\/users\/2"}],"replies":[{"embeddable":true,"href":"https:\/\/inclusioaltemporda.cat\/portal\/wp-json\/wp\/v2\/comments?post=2376"}],"version-history":[{"count":3,"href":"https:\/\/inclusioaltemporda.cat\/portal\/wp-json\/wp\/v2\/posts\/2376\/revisions"}],"predecessor-version":[{"id":2381,"href":"https:\/\/inclusioaltemporda.cat\/portal\/wp-json\/wp\/v2\/posts\/2376\/revisions\/2381"}],"wp:featuredmedia":[{"embeddable":true,"href":"https:\/\/inclusioaltemporda.cat\/portal\/wp-json\/wp\/v2\/media\/2378"}],"wp:attachment":[{"href":"https:\/\/inclusioaltemporda.cat\/portal\/wp-json\/wp\/v2\/media?parent=2376"}],"wp:term":[{"taxonomy":"category","embeddable":true,"href":"https:\/\/inclusioaltemporda.cat\/portal\/wp-json\/wp\/v2\/categories?post=2376"},{"taxonomy":"post_tag","embeddable":true,"href":"https:\/\/inclusioaltemporda.cat\/portal\/wp-json\/wp\/v2\/tags?post=2376"}],"curies":[{"name":"wp","href":"https:\/\/api.w.org\/{rel}","templated":true}]}}