{"id":2383,"date":"2013-09-04T09:05:41","date_gmt":"2013-09-04T07:05:41","guid":{"rendered":"https:\/\/inclusioaltemporda.cat\/portal\/?p=2383"},"modified":"2014-03-06T08:52:05","modified_gmt":"2014-03-06T07:52:05","slug":"3a-edicio-dels-premis-nayra","status":"publish","type":"post","link":"https:\/\/inclusioaltemporda.cat\/portal\/3a-edicio-dels-premis-nayra\/","title":{"rendered":"3a edici\u00f3 dels Premis Nayra"},"content":{"rendered":"<p>El Consell Comarcal de l&#8217;Alt Empord\u00e0 ha convocat la 3\u00aa edici\u00f3 dels Premis Nayra de bones pr\u00e0ctiques per a dones d&#8217;origen immigrant. Aquesta convocat\u00f2ria, de car\u00e0cter biennal i d&#8217;\u00e0mbit internacional, t\u00e9 com a finalitat premiar i recon\u00e8ixer projectes que fomentin la igualtat d&#8217;oportunitats de les dones nouvingudes.<\/p>\n<p>Aquest Premi reconeix l&#8217;acci\u00f3 de les entitats i institucions que porten a terme accions en aquest \u00e0mbit i promou\u00a0 compartir coneixement sobre experi\u00e8ncies i projectes que tenen com a finalitat la igualtat d&#8217;oportunitats de les dones d&#8217;origen immigrant.<\/p>\n<p>Poden presentar projectes tots els col\u00b7lectius de ciutadania organitzada, entitats i administracions locals d&#8217;\u00e0mbit nacional, estatal i internacional que hagin dut a terme projectes d&#8217;intervenci\u00f3 per a dones d&#8217;origen immigrant. Els projectes han d&#8217;estar en curs o haver finalitzat durant l&#8217;any 2012.<\/p>\n<p>El termini de presentaci\u00f3 de projectes ja \u00e9s obert i finalitza el proper 4 d&#8217;octubre. Els projectes s&#8217;han de presentar via telem\u00e0tica al web de l&#8217;Observatori de les Dones Immigrades que trobareu en aquest <a title=\"enlla\u00e7\" href=\"http:\/\/www.inmigradas.org\/\">enlla\u00e7<\/a> on teniu tota la informaci\u00f3 per accedir a aquesta convocat\u00f2ria. Les Bases dels Premis Nayra 2013 us les podeu descarregar <a title=\"aqu\u00ed\" href=\"https:\/\/inclusioaltemporda.cat\/portal\/wp-content\/uploads\/BASES_PREMIS_NAYRA_2013.pdf\">aqu\u00ed<\/a>.<\/p>\n","protected":false},"excerpt":{"rendered":"<p><!--:CA-->El Consell Comarcal de l&#8217;Alt Empord\u00e0 ha convocat la 3\u00aa edici\u00f3 dels Premis Nayra de bones pr\u00e0ctiques per a dones d&#8217;origen immigrant. Aquesta convocat\u00f2ria, de car\u00e0cter biennal i d&#8217;\u00e0mbit internacional, t\u00e9 com a finalitat premiar i recon\u00e8ixer projectes que fomentin la igualtat d&#8217;oportunitats de les dones nouvingudes.<\/p>\n<p>Aquest Premi reconeix l&#8217;acci\u00f3 de les entitats i institucions que porten a terme accions en aquest \u00e0mbit i promou  compartir coneixement sobre experi\u00e8ncies i projectes que tenen com a finalitat la igualtat d&#8217;oportunitats de les dones d&#8217;origen immigrant.<\/p>\n<p>Poden presentar projectes tots els col\u00b7lectius de ciutadania organitzada, entitats i administracions locals d&#8217;\u00e0mbit nacional, estatal i internacional que hagin dut a terme projectes d&#8217;intervenci\u00f3 per a dones d&#8217;origen immigrant. Els projectes han d&#8217;estar en curs o haver finalitzat durant l&#8217;any 2012.<\/p>\n<p>El termini de presentaci\u00f3 de projectes ja \u00e9s obert i finalitza el proper 4 d&#8217;octubre. Els projectes s&#8217;han de presentar via telem\u00e0tica al web de l&#8217;Observatori de les Dones Immigrades que trobareu en aquest enlla\u00e7 on teniu tota la informaci\u00f3 per accedir a aquesta convocat\u00f2ria. Les Bases dels Premis Nayra 2013 us les podeu descarregar aqu\u00ed.<!--:--><\/p>\n","protected":false},"author":2,"featured_media":1939,"comment_status":"open","ping_status":"open","sticky":false,"template":"","format":"standard","meta":{"footnotes":""},"categories":[106,100,107,101,105,104,108,102],"tags":[27,41,62],"class_list":["post-2383","post","type-post","status-publish","format-standard","has-post-thumbnail","hentry","category-administracions","category-area-benestar","category-centres-recerca-universitats","category-ciutadania","category-empreses","category-entitats-socials","category-mitjans-comunicacio","category-professionals-ambit-social","tag-benestar-ccae","tag-convocatories-dajuts","tag-pla-ciutadania-i-immigracio","category-106","category-100","category-107","category-101","category-105","category-104","category-108","category-102","description-off"],"_links":{"self":[{"href":"https:\/\/inclusioaltemporda.cat\/portal\/wp-json\/wp\/v2\/posts\/2383","targetHints":{"allow":["GET"]}}],"collection":[{"href":"https:\/\/inclusioaltemporda.cat\/portal\/wp-json\/wp\/v2\/posts"}],"about":[{"href":"https:\/\/inclusioaltemporda.cat\/portal\/wp-json\/wp\/v2\/types\/post"}],"author":[{"embeddable":true,"href":"https:\/\/inclusioaltemporda.cat\/portal\/wp-json\/wp\/v2\/users\/2"}],"replies":[{"embeddable":true,"href":"https:\/\/inclusioaltemporda.cat\/portal\/wp-json\/wp\/v2\/comments?post=2383"}],"version-history":[{"count":2,"href":"https:\/\/inclusioaltemporda.cat\/portal\/wp-json\/wp\/v2\/posts\/2383\/revisions"}],"predecessor-version":[{"id":2385,"href":"https:\/\/inclusioaltemporda.cat\/portal\/wp-json\/wp\/v2\/posts\/2383\/revisions\/2385"}],"wp:featuredmedia":[{"embeddable":true,"href":"https:\/\/inclusioaltemporda.cat\/portal\/wp-json\/wp\/v2\/media\/1939"}],"wp:attachment":[{"href":"https:\/\/inclusioaltemporda.cat\/portal\/wp-json\/wp\/v2\/media?parent=2383"}],"wp:term":[{"taxonomy":"category","embeddable":true,"href":"https:\/\/inclusioaltemporda.cat\/portal\/wp-json\/wp\/v2\/categories?post=2383"},{"taxonomy":"post_tag","embeddable":true,"href":"https:\/\/inclusioaltemporda.cat\/portal\/wp-json\/wp\/v2\/tags?post=2383"}],"curies":[{"name":"wp","href":"https:\/\/api.w.org\/{rel}","templated":true}]}}