{"id":2386,"date":"2013-09-05T09:23:17","date_gmt":"2013-09-05T07:23:17","guid":{"rendered":"https:\/\/inclusioaltemporda.cat\/portal\/?p=2386"},"modified":"2014-03-06T08:54:44","modified_gmt":"2014-03-06T07:54:44","slug":"sessio-de-treball-del-projecte-labour-plus","status":"publish","type":"post","link":"https:\/\/inclusioaltemporda.cat\/portal\/sessio-de-treball-del-projecte-labour-plus\/","title":{"rendered":"Sessi\u00f3 de treball del projecte Labour Plus"},"content":{"rendered":"<p>L\u2019Equip T\u00e8cnic d\u2019Inclusi\u00f3 de l\u2019\u00c0rea de Benestar participa avui i dem\u00e0 en una reuni\u00f3 de continguts del projecte europeu Labour Plus que se celebra a la seu de l\u2019<a title=\"ENTP\" href=\"http:\/\/www.pilotcities.eu\/\">ENTP<\/a> a Brussel\u00b7les.\u00a0 En el decurs d\u2019aquesta sessi\u00f3 de treball es presentaran els principals resultats de l&#8217;estudi comparatiu sobre les pol\u00edtiques d&#8217;atenci\u00f3 a la diversitat i d&#8217;inclusi\u00f3 laboral per a col\u00b7lectius en risc que s&#8217;ha elaborat sobre tots els socis que participen en el projecte. La sessi\u00f3 tamb\u00e9 servir\u00e0 per seguir desenvolupant l&#8217;eina de gesti\u00f3 de recursos que s&#8217;est\u00e0 definint en el marc del projecte.<\/p>\n<p title=\"11 socis europeus\">La xarxa de treball d\u2019aquest projecte est\u00e0 integrada per 11 socis europeus i es\u00a0 va posar en marxa l\u2019any passat.\u00a0 La finalitat del projecte Labour Plus, que ser\u00e0 actiu fins a finals de l\u2019any 2015, \u00e9s crear un espai d\u2019intercanvi d\u2019experi\u00e8ncies a nivell europeu per millorar la situaci\u00f3 de la poblaci\u00f3 m\u00e9s vulnerable en el mercat de treball, en especial poblaci\u00f3 d\u2019origen immigrant i d\u2019\u00e8tnia gitana,\u00a0 i dissenyar una eina d\u2019intervenci\u00f3 innovadora a escala local que faciliti aproximacions integrals a la inclusi\u00f3 sociolaboral d\u2019aquesta poblaci\u00f3 en risc.<\/p>\n<p title=\"11 socis europeus\">Si teniu inter\u00e8s a con\u00e8ixer m\u00e9s detalls d\u2019aquest projecte, podeu accedir-hi mitjan\u00e7ant aquest <a title=\"enlla\u00e7\" href=\"http:\/\/www.labourplus.eu\/\">enlla\u00e7<\/a>.<\/p>\n","protected":false},"excerpt":{"rendered":"<p>L\u2019Equip T\u00e8cnic d\u2019Inclusi\u00f3 de l\u2019\u00c0rea de Benestar participa avui i dem\u00e0 en una reuni\u00f3 de continguts del projecte europeu Labour Plus que se celebra a la seu de l\u2019ENTP a&hellip;<\/p>\n","protected":false},"author":2,"featured_media":2391,"comment_status":"open","ping_status":"open","sticky":false,"template":"","format":"standard","meta":{"footnotes":""},"categories":[100,107,101,108,102,111],"tags":[27,57,62,16,45],"class_list":["post-2386","post","type-post","status-publish","format-standard","has-post-thumbnail","hentry","category-area-benestar","category-centres-recerca-universitats","category-ciutadania","category-mitjans-comunicacio","category-professionals-ambit-social","category-projectes-internacionals","tag-benestar-ccae","tag-igualtat-doportunitats","tag-pla-ciutadania-i-immigracio","tag-pla-inclusio","tag-projecte-labour-plus","category-100","category-107","category-101","category-108","category-102","category-111","description-off"],"_links":{"self":[{"href":"https:\/\/inclusioaltemporda.cat\/portal\/wp-json\/wp\/v2\/posts\/2386","targetHints":{"allow":["GET"]}}],"collection":[{"href":"https:\/\/inclusioaltemporda.cat\/portal\/wp-json\/wp\/v2\/posts"}],"about":[{"href":"https:\/\/inclusioaltemporda.cat\/portal\/wp-json\/wp\/v2\/types\/post"}],"author":[{"embeddable":true,"href":"https:\/\/inclusioaltemporda.cat\/portal\/wp-json\/wp\/v2\/users\/2"}],"replies":[{"embeddable":true,"href":"https:\/\/inclusioaltemporda.cat\/portal\/wp-json\/wp\/v2\/comments?post=2386"}],"version-history":[{"count":2,"href":"https:\/\/inclusioaltemporda.cat\/portal\/wp-json\/wp\/v2\/posts\/2386\/revisions"}],"predecessor-version":[{"id":2390,"href":"https:\/\/inclusioaltemporda.cat\/portal\/wp-json\/wp\/v2\/posts\/2386\/revisions\/2390"}],"wp:featuredmedia":[{"embeddable":true,"href":"https:\/\/inclusioaltemporda.cat\/portal\/wp-json\/wp\/v2\/media\/2391"}],"wp:attachment":[{"href":"https:\/\/inclusioaltemporda.cat\/portal\/wp-json\/wp\/v2\/media?parent=2386"}],"wp:term":[{"taxonomy":"category","embeddable":true,"href":"https:\/\/inclusioaltemporda.cat\/portal\/wp-json\/wp\/v2\/categories?post=2386"},{"taxonomy":"post_tag","embeddable":true,"href":"https:\/\/inclusioaltemporda.cat\/portal\/wp-json\/wp\/v2\/tags?post=2386"}],"curies":[{"name":"wp","href":"https:\/\/api.w.org\/{rel}","templated":true}]}}