{"id":2392,"date":"2013-09-06T08:30:33","date_gmt":"2013-09-06T06:30:33","guid":{"rendered":"https:\/\/inclusioaltemporda.cat\/portal\/?p=2392"},"modified":"2014-03-06T08:55:26","modified_gmt":"2014-03-06T07:55:26","slug":"el-grup-de-dones-somni-participa-al-terra-de-trobadors","status":"publish","type":"post","link":"https:\/\/inclusioaltemporda.cat\/portal\/el-grup-de-dones-somni-participa-al-terra-de-trobadors\/","title":{"rendered":"El Grup de dones Somni participa al Terra de Trobadors"},"content":{"rendered":"<p>Els dies 7 i 8 de setembre el Grup de dones Somni de Castell\u00f3 d\u2019Emp\u00faries participar\u00e0 en el <a href=\"http:\/\/www.terradetrobadors.cat\/\">Festival Terra de Trobadors<\/a>, amb una parada en que es podr\u00e0 prendre te, o es podr\u00e0 con\u00e8ixer la t\u00e8cnica de dibuix sobre la pell amb henna, originaria del pa\u00eds de proced\u00e8ncia de les dones d&#8217;aquesta entitat.<\/p>\n<p>El Grup de dones Somni t\u00e9 el seu origen en el <a href=\"https:\/\/inclusioaltemporda.cat\/portal\/taller-dautonomia-per-a-dones-dorigen-estranger-a-castello-dempuries\/\">taller d&#8217;autonomia per a dones marroquines<\/a> impulsat ja fa uns mesos pels serveis d\u2019atenci\u00f3 social b\u00e0sica de Castell\u00f3 d&#8217;Emp\u00faries i el Pla de Ciutadania i Immigraci\u00f3 del Consell Comarcal.<\/p>\n<p>A partir del treball de motivaci\u00f3 sociolaboral va sorgir la proposta de participar en fires i mercats oferint productes artesanals vinculats a l\u2019alimentaci\u00f3. El grup es va presentar el passat mes de juny a la Marat\u00f3 de donants de sang de Castell\u00f3 d\u2019Emp\u00faries, on varen oferir pastisseria tradicional, te i henna.<\/p>\n<p>Durant els dos dies estaran ubicades a la pla\u00e7a Joan Alsina.<\/p>\n","protected":false},"excerpt":{"rendered":"<p>Els dies 7 i 8 de setembre el Grup de dones Somni de Castell\u00f3 d\u2019Emp\u00faries participar\u00e0 en el Festival Terra de Trobadors, amb una parada en que es podr\u00e0 prendre&hellip;<\/p>\n","protected":false},"author":2,"featured_media":2212,"comment_status":"open","ping_status":"open","sticky":false,"template":"","format":"standard","meta":{"footnotes":""},"categories":[100,101,104,108],"tags":[27,24,43,62],"class_list":["post-2392","post","type-post","status-publish","format-standard","has-post-thumbnail","hentry","category-area-benestar","category-ciutadania","category-entitats-socials","category-mitjans-comunicacio","tag-benestar-ccae","tag-inclusio-social","tag-insercio-sociolaboral","tag-pla-ciutadania-i-immigracio","category-100","category-101","category-104","category-108","description-off"],"_links":{"self":[{"href":"https:\/\/inclusioaltemporda.cat\/portal\/wp-json\/wp\/v2\/posts\/2392","targetHints":{"allow":["GET"]}}],"collection":[{"href":"https:\/\/inclusioaltemporda.cat\/portal\/wp-json\/wp\/v2\/posts"}],"about":[{"href":"https:\/\/inclusioaltemporda.cat\/portal\/wp-json\/wp\/v2\/types\/post"}],"author":[{"embeddable":true,"href":"https:\/\/inclusioaltemporda.cat\/portal\/wp-json\/wp\/v2\/users\/2"}],"replies":[{"embeddable":true,"href":"https:\/\/inclusioaltemporda.cat\/portal\/wp-json\/wp\/v2\/comments?post=2392"}],"version-history":[{"count":3,"href":"https:\/\/inclusioaltemporda.cat\/portal\/wp-json\/wp\/v2\/posts\/2392\/revisions"}],"predecessor-version":[{"id":2395,"href":"https:\/\/inclusioaltemporda.cat\/portal\/wp-json\/wp\/v2\/posts\/2392\/revisions\/2395"}],"wp:featuredmedia":[{"embeddable":true,"href":"https:\/\/inclusioaltemporda.cat\/portal\/wp-json\/wp\/v2\/media\/2212"}],"wp:attachment":[{"href":"https:\/\/inclusioaltemporda.cat\/portal\/wp-json\/wp\/v2\/media?parent=2392"}],"wp:term":[{"taxonomy":"category","embeddable":true,"href":"https:\/\/inclusioaltemporda.cat\/portal\/wp-json\/wp\/v2\/categories?post=2392"},{"taxonomy":"post_tag","embeddable":true,"href":"https:\/\/inclusioaltemporda.cat\/portal\/wp-json\/wp\/v2\/tags?post=2392"}],"curies":[{"name":"wp","href":"https:\/\/api.w.org\/{rel}","templated":true}]}}