{"id":2397,"date":"2013-09-09T10:22:27","date_gmt":"2013-09-09T08:22:27","guid":{"rendered":"https:\/\/inclusioaltemporda.cat\/portal\/?p=2397"},"modified":"2014-03-06T08:56:12","modified_gmt":"2014-03-06T07:56:12","slug":"trobada-de-mentors-del-projecte-mes-grans","status":"publish","type":"post","link":"https:\/\/inclusioaltemporda.cat\/portal\/trobada-de-mentors-del-projecte-mes-grans\/","title":{"rendered":"Trobada de mentors del projecte &#8220;M\u00e9s Grans&#8221;"},"content":{"rendered":"<p>Aquesta tarda es celebrar\u00e0 una trobada de s\u00e8niors que estan participant com a mentors en el <a href=\"https:\/\/inclusioaltemporda.cat\/portal\/wp-content\/uploads\/d%C3%ADptic-M%C3%89S-GRANS.pdf\">projecte &#8220;M\u00e9s Grans&#8221;<\/a>, amb l&#8217;objectiu de fer una valoraci\u00f3 conjunta del projecte un cop finalitzat el primer any de funcionament. Durant aquest any el projecte ha funcionat en fase pilot, i un cop finalitzada aquesta s&#8217;incorporar\u00e0 com a recurs estable de l&#8217;\u00c0rea de Benestar social del Consell Comarcal.<\/p>\n<p>La sessi\u00f3, en la qual participaran els professionals del Consell Comarcal que han estat dinamitzant el proc\u00e9s i de la Fundaci\u00f3 Catalunya Volunt\u00e0ria, entitat impulsora del projecte-pilot, tamb\u00e9 servir\u00e0 per a presentar la nova edici\u00f3 del &#8220;M\u00e9s Grans&#8221; que es posar\u00e0 en funcionament durant el mes de setembre d&#8217;enguany. En aquest sentit, tamb\u00e9 assistiran a la sessi\u00f3 nous s\u00e8niors mentors incorporats recentment al projecte.<\/p>\n<p><a href=\"https:\/\/inclusioaltemporda.cat\/portal\/tag\/projecte-mes-grans\/\">\u201cM\u00e9s Grans\u201d \u00e9s un programa de mentoratge i suport social intergeneracional<\/a> que t\u00e9 com a finalitat afavorir l\u2019intercanvi i la solidaritat entre generacions (hi participen persones de m\u00e9s de 55 anys, pares i\/o mares i infants), tot promovent experi\u00e8ncies de suport familiar a la comarca que generin un valor social afegit.<\/p>\n<p>Les persones s\u00e8niors que participen en el projecte (sols o en parella) fan de mentors amb fam\u00edlies de risc social lleu mancades de xarxa social. Els mentors s\u00f3n les persones que ofereixen volunt\u00e0riament el seu temps per donar suport i encoratjar altres persones que es troben en situaci\u00f3 de desaventatge, compartint experi\u00e8ncies i coneixements durant un temps.<\/p>\n","protected":false},"excerpt":{"rendered":"<p>Aquesta tarda es celebrar\u00e0 una trobada de s\u00e8niors que estan participant com a mentors en el projecte &#8220;M\u00e9s Grans&#8221;, amb l&#8217;objectiu de fer una valoraci\u00f3 conjunta del projecte un cop&hellip;<\/p>\n","protected":false},"author":2,"featured_media":1418,"comment_status":"open","ping_status":"open","sticky":false,"template":"","format":"standard","meta":{"footnotes":""},"categories":[106,100,107,101,103,108,102],"tags":[27,79,37,38,31,51],"class_list":["post-2397","post","type-post","status-publish","format-standard","has-post-thumbnail","hentry","category-administracions","category-area-benestar","category-centres-recerca-universitats","category-ciutadania","category-estudiants-escoles-instituts","category-mitjans-comunicacio","category-professionals-ambit-social","tag-benestar-ccae","tag-cartera-de-serveis","tag-envelliment-actiu","tag-gent-gran","tag-projecte-mes-grans","tag-voluntariat","category-106","category-100","category-107","category-101","category-103","category-108","category-102","description-off"],"_links":{"self":[{"href":"https:\/\/inclusioaltemporda.cat\/portal\/wp-json\/wp\/v2\/posts\/2397","targetHints":{"allow":["GET"]}}],"collection":[{"href":"https:\/\/inclusioaltemporda.cat\/portal\/wp-json\/wp\/v2\/posts"}],"about":[{"href":"https:\/\/inclusioaltemporda.cat\/portal\/wp-json\/wp\/v2\/types\/post"}],"author":[{"embeddable":true,"href":"https:\/\/inclusioaltemporda.cat\/portal\/wp-json\/wp\/v2\/users\/2"}],"replies":[{"embeddable":true,"href":"https:\/\/inclusioaltemporda.cat\/portal\/wp-json\/wp\/v2\/comments?post=2397"}],"version-history":[{"count":3,"href":"https:\/\/inclusioaltemporda.cat\/portal\/wp-json\/wp\/v2\/posts\/2397\/revisions"}],"predecessor-version":[{"id":3607,"href":"https:\/\/inclusioaltemporda.cat\/portal\/wp-json\/wp\/v2\/posts\/2397\/revisions\/3607"}],"wp:featuredmedia":[{"embeddable":true,"href":"https:\/\/inclusioaltemporda.cat\/portal\/wp-json\/wp\/v2\/media\/1418"}],"wp:attachment":[{"href":"https:\/\/inclusioaltemporda.cat\/portal\/wp-json\/wp\/v2\/media?parent=2397"}],"wp:term":[{"taxonomy":"category","embeddable":true,"href":"https:\/\/inclusioaltemporda.cat\/portal\/wp-json\/wp\/v2\/categories?post=2397"},{"taxonomy":"post_tag","embeddable":true,"href":"https:\/\/inclusioaltemporda.cat\/portal\/wp-json\/wp\/v2\/tags?post=2397"}],"curies":[{"name":"wp","href":"https:\/\/api.w.org\/{rel}","templated":true}]}}