{"id":2400,"date":"2013-09-10T08:30:27","date_gmt":"2013-09-10T06:30:27","guid":{"rendered":"https:\/\/inclusioaltemporda.cat\/portal\/?p=2400"},"modified":"2014-03-06T08:56:52","modified_gmt":"2014-03-06T07:56:52","slug":"obert-el-periode-per-sol%c2%b7licitar-activitats-de-la-motxilla-pedagogica","status":"publish","type":"post","link":"https:\/\/inclusioaltemporda.cat\/portal\/obert-el-periode-per-sol%c2%b7licitar-activitats-de-la-motxilla-pedagogica\/","title":{"rendered":"Obert el per\u00edode per sol\u00b7licitar activitats de la Motxilla Pedag\u00f2gica"},"content":{"rendered":"<p>Ja \u00e9s accessible l&#8217;oferta d&#8217;activitats de la <a href=\"https:\/\/inclusioaltemporda.cat\/portal\/larea-de-benestar-social-la-motxilla-pedagogica\/\">Motxilla Pedag\u00f2gica del Consell Comarcal<\/a> per al curs 2013-2014. Aquesta es pot consultar per via telem\u00e0tica en <a href=\"www.altemporda.org\/motxillaactivitats\">aquest web<\/a><\/p>\n<p>Enguany, per tal de facilitar la tramitaci\u00f3 on-line de la sol\u2022licitud d&#8217;activitats s&#8217;ha creat un <a href=\"www.altemporda.org\/motxillaformulari\">formulari electr\u00f2nic<\/a> que s&#8217;haur\u00e0 d&#8217;omplir per cada una de les activitats que es vulguin sol\u2022licitar. Les activitats nom\u00e9s es podran sol\u00b7licitar emprant aquest formulari web.<\/p>\n<p>La Motxilla Pedag\u00f2gica \u00e9s un recurs que aglutina tota l\u2019oferta educativa que des de les diferents \u00e0rees del Consell Comarcal s\u2019adre\u00e7a als centres educatius de la comarca. Des del curs escolar 2010-2011 algunes de les activitats incloses a la Motxilla estan finan\u00e7ades en part pels centres educatius que les sol\u00b7liciten.<\/p>\n","protected":false},"excerpt":{"rendered":"<p>Ja \u00e9s accessible l&#8217;oferta d&#8217;activitats de la Motxilla Pedag\u00f2gica del Consell Comarcal per al curs 2013-2014. Aquesta es pot consultar per via telem\u00e0tica en aquest web Enguany, per tal de&hellip;<\/p>\n","protected":false},"author":2,"featured_media":2041,"comment_status":"open","ping_status":"open","sticky":false,"template":"","format":"standard","meta":{"footnotes":""},"categories":[106,100,101,105,104,103,108],"tags":[34,27,24,40],"class_list":["post-2400","post","type-post","status-publish","format-standard","has-post-thumbnail","hentry","category-administracions","category-area-benestar","category-ciutadania","category-empreses","category-entitats-socials","category-estudiants-escoles-instituts","category-mitjans-comunicacio","tag-aula-professionals","tag-benestar-ccae","tag-inclusio-social","tag-recursos","category-106","category-100","category-101","category-105","category-104","category-103","category-108","description-off"],"_links":{"self":[{"href":"https:\/\/inclusioaltemporda.cat\/portal\/wp-json\/wp\/v2\/posts\/2400","targetHints":{"allow":["GET"]}}],"collection":[{"href":"https:\/\/inclusioaltemporda.cat\/portal\/wp-json\/wp\/v2\/posts"}],"about":[{"href":"https:\/\/inclusioaltemporda.cat\/portal\/wp-json\/wp\/v2\/types\/post"}],"author":[{"embeddable":true,"href":"https:\/\/inclusioaltemporda.cat\/portal\/wp-json\/wp\/v2\/users\/2"}],"replies":[{"embeddable":true,"href":"https:\/\/inclusioaltemporda.cat\/portal\/wp-json\/wp\/v2\/comments?post=2400"}],"version-history":[{"count":3,"href":"https:\/\/inclusioaltemporda.cat\/portal\/wp-json\/wp\/v2\/posts\/2400\/revisions"}],"predecessor-version":[{"id":2404,"href":"https:\/\/inclusioaltemporda.cat\/portal\/wp-json\/wp\/v2\/posts\/2400\/revisions\/2404"}],"wp:featuredmedia":[{"embeddable":true,"href":"https:\/\/inclusioaltemporda.cat\/portal\/wp-json\/wp\/v2\/media\/2041"}],"wp:attachment":[{"href":"https:\/\/inclusioaltemporda.cat\/portal\/wp-json\/wp\/v2\/media?parent=2400"}],"wp:term":[{"taxonomy":"category","embeddable":true,"href":"https:\/\/inclusioaltemporda.cat\/portal\/wp-json\/wp\/v2\/categories?post=2400"},{"taxonomy":"post_tag","embeddable":true,"href":"https:\/\/inclusioaltemporda.cat\/portal\/wp-json\/wp\/v2\/tags?post=2400"}],"curies":[{"name":"wp","href":"https:\/\/api.w.org\/{rel}","templated":true}]}}