{"id":2414,"date":"2013-09-13T12:40:44","date_gmt":"2013-09-13T10:40:44","guid":{"rendered":"https:\/\/inclusioaltemporda.cat\/portal\/?p=2414"},"modified":"2016-02-01T09:23:57","modified_gmt":"2016-02-01T08:23:57","slug":"larea-de-benestar-social-els-serveis-de-promocio-de-lautonomia-i-latencio-a-la-dependencia","status":"publish","type":"post","link":"https:\/\/inclusioaltemporda.cat\/portal\/larea-de-benestar-social-els-serveis-de-promocio-de-lautonomia-i-latencio-a-la-dependencia\/","title":{"rendered":"L&#8217;\u00c0rea de Benestar Social: els Serveis de Promoci\u00f3 de l&#8217;Autonomia i l&#8217;Atenci\u00f3 a la Depend\u00e8ncia"},"content":{"rendered":"<p>Els Serveis de Promoci\u00f3 de l&#8217;Autonomia i Atenci\u00f3 a la Depend\u00e8ncia estan adre\u00e7ats a cobrir les necessitats de les persones dependents i complir els requisits que fixa la Llei de la Depend\u00e8ncia. La sol\u00b7licitud de la Llei de la Depend\u00e8ncia \u00e9s la porta d&#8217;acc\u00e9s als recursos que s&#8217;han establert a partir de l&#8217;aprovaci\u00f3 d&#8217;aquesta Llei. Totes les persones interessades han de presentar una sol\u00b7licitud,\u00a0 s&#8217;ha de valorar el seu grau de depend\u00e8ncia i han de disposar d&#8217;un Programa Individual d&#8217;Atenci\u00f3 (PIA) fet pels serveis b\u00e0sics d&#8217;atenci\u00f3 social en el territori.<\/p>\n<p>La comarca de l&#8217;Alt Empord\u00e0 t\u00e9 un referent comunitari de la Llei de Depend\u00e8ncia que cobreix els territoris de l&#8217;Alt Empord\u00e0, Figueres ciutat i Baix Empord\u00e0 (tret dels municipis de Sant Feliu de Gu\u00edxols i de Palafrugell). La seva tasca \u00e9s supervisar el conjunt dels plans de treball vinculats a les sol\u00b7licituds de depend\u00e8ncia i fa el corresponent enlla\u00e7 amb els serveis territorials del departament de Benestar i Fam\u00edlia de la Generalitat de Catalunya.<\/p>\n<p>Les dades de la <a title=\"mem\u00f2ria de l'\u00c0rea de Benestar del Consell Comarcal\" href=\"https:\/\/inclusioaltemporda.cat\/portal\/wp-content\/uploads\/MEM\u00d2RIA-SERVEIS-SOCIALS.pdf\">mem\u00f2ria de l&#8217;\u00e0rea de Benestar del Consell Comarcal<\/a> indiquen com l&#8217;any 2012\u00a0 es van enregistrar 340 sol\u00b7licituds de valoraci\u00f3 de depend\u00e8ncia a la comarca, una xifra que representa una disminuci\u00f3 del nombre de sol\u00b7licituds enregistrades en relaci\u00f3 a l&#8217;any anterior. Per contra, el nombre de PIA realitzats ha continuat augmentant en una proporci\u00f3 similar a la dels anys anteriors.<\/p>\n","protected":false},"excerpt":{"rendered":"<p>Els Serveis de Promoci\u00f3 de l&#8217;Autonomia i Atenci\u00f3 a la Depend\u00e8ncia estan adre\u00e7ats a cobrir les necessitats de les persones dependents i complir els requisits que fixa la Llei de&hellip;<\/p>\n","protected":false},"author":3,"featured_media":2417,"comment_status":"closed","ping_status":"closed","sticky":false,"template":"","format":"standard","meta":{"footnotes":""},"categories":[106,100,101,105,104,108],"tags":[27,79,24],"class_list":["post-2414","post","type-post","status-publish","format-standard","has-post-thumbnail","hentry","category-administracions","category-area-benestar","category-ciutadania","category-empreses","category-entitats-socials","category-mitjans-comunicacio","tag-benestar-ccae","tag-cartera-de-serveis","tag-inclusio-social","category-106","category-100","category-101","category-105","category-104","category-108","description-off"],"_links":{"self":[{"href":"https:\/\/inclusioaltemporda.cat\/portal\/wp-json\/wp\/v2\/posts\/2414","targetHints":{"allow":["GET"]}}],"collection":[{"href":"https:\/\/inclusioaltemporda.cat\/portal\/wp-json\/wp\/v2\/posts"}],"about":[{"href":"https:\/\/inclusioaltemporda.cat\/portal\/wp-json\/wp\/v2\/types\/post"}],"author":[{"embeddable":true,"href":"https:\/\/inclusioaltemporda.cat\/portal\/wp-json\/wp\/v2\/users\/3"}],"replies":[{"embeddable":true,"href":"https:\/\/inclusioaltemporda.cat\/portal\/wp-json\/wp\/v2\/comments?post=2414"}],"version-history":[{"count":4,"href":"https:\/\/inclusioaltemporda.cat\/portal\/wp-json\/wp\/v2\/posts\/2414\/revisions"}],"predecessor-version":[{"id":2419,"href":"https:\/\/inclusioaltemporda.cat\/portal\/wp-json\/wp\/v2\/posts\/2414\/revisions\/2419"}],"wp:featuredmedia":[{"embeddable":true,"href":"https:\/\/inclusioaltemporda.cat\/portal\/wp-json\/wp\/v2\/media\/2417"}],"wp:attachment":[{"href":"https:\/\/inclusioaltemporda.cat\/portal\/wp-json\/wp\/v2\/media?parent=2414"}],"wp:term":[{"taxonomy":"category","embeddable":true,"href":"https:\/\/inclusioaltemporda.cat\/portal\/wp-json\/wp\/v2\/categories?post=2414"},{"taxonomy":"post_tag","embeddable":true,"href":"https:\/\/inclusioaltemporda.cat\/portal\/wp-json\/wp\/v2\/tags?post=2414"}],"curies":[{"name":"wp","href":"https:\/\/api.w.org\/{rel}","templated":true}]}}