{"id":2428,"date":"2013-09-17T09:08:19","date_gmt":"2013-09-17T07:08:19","guid":{"rendered":"https:\/\/inclusioaltemporda.cat\/portal\/?p=2428"},"modified":"2016-02-01T09:23:56","modified_gmt":"2016-02-01T08:23:56","slug":"inauguracio-nou-centre-de-dia-de-lassociacio-malalts-dalzheimer","status":"publish","type":"post","link":"https:\/\/inclusioaltemporda.cat\/portal\/inauguracio-nou-centre-de-dia-de-lassociacio-malalts-dalzheimer\/","title":{"rendered":"Inauguraci\u00f3 nou Centre de Dia de l&#8217;Associaci\u00f3 Malalts d&#8217;Alzheimer"},"content":{"rendered":"<p>El proper divendres, 20 de setembre, a les 18:00h s&#8217;inaugurar\u00e0 el nou Centre de Dia de l&#8217;Associaci\u00f3 d&#8217;Ajuda a Malalts d&#8217;Alzheimer i Fam\u00edlia a Figueres. Aquest nou Centre, situat al c. Pere III, 93, facilitar\u00e0 un nou espai de suport per a les activitats que porta a terme aquesta entitat.<\/p>\n<p>L\u2019Associaci\u00f3 d&#8217;Ajuda a Malalts d\u2019Alzheimer i Fam\u00edlia, entitat que forma part de la Taula per a la Inclusi\u00f3 i la Cohesi\u00f3 Social de l&#8217;Alt Empord\u00e0, treballa per oferir atenci\u00f3 als familiars dels malalts d\u2019Alzheimer de Figueres i l\u2019Alt Empord\u00e0. L\u2019entitat gestiona diferents serveis i recursos orientats al suport cap a familiars i cuidadors de malalts d\u2019Alzheimer, atenci\u00f3 terap\u00e8utica directa, estimulaci\u00f3 cognitiva i psicomotricitat per a persones que pateixen aquesta malaltia.<\/p>\n<p>L\u2019Associaci\u00f3 va n\u00e9ixer l\u2019any 1995 per iniciativa d\u2019un grup de familiars d\u2019afectats per la malaltia. Des d\u2019aleshores s\u2019han organitzat xerrades i cursos formatius per a cuidadors i familiars, amb la col\u00b7laboraci\u00f3 de diferents entitats i d\u2019altres professionals del sector.<\/p>\n","protected":false},"excerpt":{"rendered":"<p>El proper divendres, 20 de setembre, a les 18:00h s&#8217;inaugurar\u00e0 el nou Centre de Dia de l&#8217;Associaci\u00f3 d&#8217;Ajuda a Malalts d&#8217;Alzheimer i Fam\u00edlia a Figueres. Aquest nou Centre, situat al&hellip;<\/p>\n","protected":false},"author":3,"featured_media":2429,"comment_status":"closed","ping_status":"closed","sticky":false,"template":"","format":"standard","meta":{"footnotes":""},"categories":[101,105,104,108,11],"tags":[119,52,24,17],"class_list":["post-2428","post","type-post","status-publish","format-standard","has-post-thumbnail","hentry","category-ciutadania","category-empreses","category-entitats-socials","category-mitjans-comunicacio","category-taula-inclusio","tag-agenda-ca","tag-entitats-de-la-taula","tag-inclusio-social","tag-taula","category-101","category-105","category-104","category-108","category-11","description-off"],"_links":{"self":[{"href":"https:\/\/inclusioaltemporda.cat\/portal\/wp-json\/wp\/v2\/posts\/2428","targetHints":{"allow":["GET"]}}],"collection":[{"href":"https:\/\/inclusioaltemporda.cat\/portal\/wp-json\/wp\/v2\/posts"}],"about":[{"href":"https:\/\/inclusioaltemporda.cat\/portal\/wp-json\/wp\/v2\/types\/post"}],"author":[{"embeddable":true,"href":"https:\/\/inclusioaltemporda.cat\/portal\/wp-json\/wp\/v2\/users\/3"}],"replies":[{"embeddable":true,"href":"https:\/\/inclusioaltemporda.cat\/portal\/wp-json\/wp\/v2\/comments?post=2428"}],"version-history":[{"count":4,"href":"https:\/\/inclusioaltemporda.cat\/portal\/wp-json\/wp\/v2\/posts\/2428\/revisions"}],"predecessor-version":[{"id":2433,"href":"https:\/\/inclusioaltemporda.cat\/portal\/wp-json\/wp\/v2\/posts\/2428\/revisions\/2433"}],"wp:featuredmedia":[{"embeddable":true,"href":"https:\/\/inclusioaltemporda.cat\/portal\/wp-json\/wp\/v2\/media\/2429"}],"wp:attachment":[{"href":"https:\/\/inclusioaltemporda.cat\/portal\/wp-json\/wp\/v2\/media?parent=2428"}],"wp:term":[{"taxonomy":"category","embeddable":true,"href":"https:\/\/inclusioaltemporda.cat\/portal\/wp-json\/wp\/v2\/categories?post=2428"},{"taxonomy":"post_tag","embeddable":true,"href":"https:\/\/inclusioaltemporda.cat\/portal\/wp-json\/wp\/v2\/tags?post=2428"}],"curies":[{"name":"wp","href":"https:\/\/api.w.org\/{rel}","templated":true}]}}