{"id":2434,"date":"2013-09-18T14:57:11","date_gmt":"2013-09-18T12:57:11","guid":{"rendered":"https:\/\/inclusioaltemporda.cat\/portal\/?p=2434"},"modified":"2016-02-01T09:23:56","modified_gmt":"2016-02-01T08:23:56","slug":"lespai-de-formacio-per-a-families-repren-la-seva-activitat-despres-de-lestiu","status":"publish","type":"post","link":"https:\/\/inclusioaltemporda.cat\/portal\/lespai-de-formacio-per-a-families-repren-la-seva-activitat-despres-de-lestiu\/","title":{"rendered":"L&#8217;Espai de Formaci\u00f3 per a Fam\u00edlies repr\u00e8n la seva activitat despr\u00e9s de l&#8217;estiu"},"content":{"rendered":"<p>Aquest mat\u00ed s&#8217;han posat en marxa les noves sessions de l&#8217;Espai de Formaci\u00f3 per a Fam\u00edlies dinamitzat per un equip de professionals de l&#8217;\u00e0rea de Benestar Social del Consell Comarcal.<\/p>\n<p>L&#8217;Espai de Formaci\u00f3 per a Fam\u00edlies \u00e9s un espai de treball grupal innovador adre\u00e7at a pares, mares i persones acollidores que oferir\u00e0 suport, informaci\u00f3 i reflexi\u00f3 sobre l&#8217;exercici del rol parental. La novetat de l&#8217;edici\u00f3 que es posa en marxa aquesta tardor \u00e9s que tamb\u00e9 treballar\u00e0 amb els infants i adolescents de les fam\u00edlies participants.<\/p>\n<p>L&#8217;objectiu general \u00e9s acompanyar i potenciar de manera efica\u00e7 i exitosa les habilitats\u00a0 dels participants per optimitzar les seves compet\u00e8ncies i afrontar amb \u00e8xit les tasques quotidianes i les responsabilitats de cura i educaci\u00f3 dels fills i filles. L&#8217;Espai ha programat 12 sessions orientades a promoure\u00a0 el treball i reflexi\u00f3 entorn diverses tem\u00e0tiques com ara la fam\u00edlia, les emocions, la comunicaci\u00f3, les normes i els l\u00edmits, la resoluci\u00f3 de conflictes, les necessitats f\u00edsiques i emocionals, l&#8217;aprenentatge i la relaci\u00f3 amb l&#8217;escola, entre d&#8217;altres.<\/p>\n<p>En aquesta nova edici\u00f3 es treballar\u00e0 amb 16 fam\u00edlies derivades dels Serveis Socials i de l&#8217;Equip d&#8217;Atenci\u00f3 a la Inf\u00e0ncia i l&#8217;Adolesc\u00e8ncia de la comarca, dividides en 2 grups segons l&#8217;edat dels fills (7-12 anys)\u00a0 i (13-16 anys).<\/p>\n","protected":false},"excerpt":{"rendered":"<p>Aquest mat\u00ed s&#8217;han posat en marxa les noves sessions de l&#8217;Espai de Formaci\u00f3 per a Fam\u00edlies dinamitzat per un equip de professionals de l&#8217;\u00e0rea de Benestar Social del Consell Comarcal.&hellip;<\/p>\n","protected":false},"author":3,"featured_media":2438,"comment_status":"closed","ping_status":"closed","sticky":false,"template":"","format":"standard","meta":{"footnotes":""},"categories":[106,100,101,104,103,108],"tags":[27,58,24],"class_list":["post-2434","post","type-post","status-publish","format-standard","has-post-thumbnail","hentry","category-administracions","category-area-benestar","category-ciutadania","category-entitats-socials","category-estudiants-escoles-instituts","category-mitjans-comunicacio","tag-benestar-ccae","tag-espai-de-formacio-per-a-families","tag-inclusio-social","category-106","category-100","category-101","category-104","category-103","category-108","description-off"],"_links":{"self":[{"href":"https:\/\/inclusioaltemporda.cat\/portal\/wp-json\/wp\/v2\/posts\/2434","targetHints":{"allow":["GET"]}}],"collection":[{"href":"https:\/\/inclusioaltemporda.cat\/portal\/wp-json\/wp\/v2\/posts"}],"about":[{"href":"https:\/\/inclusioaltemporda.cat\/portal\/wp-json\/wp\/v2\/types\/post"}],"author":[{"embeddable":true,"href":"https:\/\/inclusioaltemporda.cat\/portal\/wp-json\/wp\/v2\/users\/3"}],"replies":[{"embeddable":true,"href":"https:\/\/inclusioaltemporda.cat\/portal\/wp-json\/wp\/v2\/comments?post=2434"}],"version-history":[{"count":4,"href":"https:\/\/inclusioaltemporda.cat\/portal\/wp-json\/wp\/v2\/posts\/2434\/revisions"}],"predecessor-version":[{"id":2440,"href":"https:\/\/inclusioaltemporda.cat\/portal\/wp-json\/wp\/v2\/posts\/2434\/revisions\/2440"}],"wp:featuredmedia":[{"embeddable":true,"href":"https:\/\/inclusioaltemporda.cat\/portal\/wp-json\/wp\/v2\/media\/2438"}],"wp:attachment":[{"href":"https:\/\/inclusioaltemporda.cat\/portal\/wp-json\/wp\/v2\/media?parent=2434"}],"wp:term":[{"taxonomy":"category","embeddable":true,"href":"https:\/\/inclusioaltemporda.cat\/portal\/wp-json\/wp\/v2\/categories?post=2434"},{"taxonomy":"post_tag","embeddable":true,"href":"https:\/\/inclusioaltemporda.cat\/portal\/wp-json\/wp\/v2\/tags?post=2434"}],"curies":[{"name":"wp","href":"https:\/\/api.w.org\/{rel}","templated":true}]}}