{"id":2448,"date":"2013-09-20T13:58:40","date_gmt":"2013-09-20T11:58:40","guid":{"rendered":"https:\/\/inclusioaltemporda.cat\/portal\/?p=2448"},"modified":"2016-02-01T09:23:56","modified_gmt":"2016-02-01T08:23:56","slug":"publicat-linforme-social-2012-de-la-taula-per-a-la-inclusio","status":"publish","type":"post","link":"https:\/\/inclusioaltemporda.cat\/portal\/publicat-linforme-social-2012-de-la-taula-per-a-la-inclusio\/","title":{"rendered":"Publicat l&#8217;Informe Social 2012 de la Taula per a la Inclusi\u00f3"},"content":{"rendered":"<p>La Taula per a la Inclusi\u00f3 i la Cohesi\u00f3 Social de l&#8217;Alt Empord\u00e0 i l&#8217;\u00e0rea de Benestar del Consell Comarcal han elaborat el segon Informe Social de l&#8217;Alt Empord\u00e0 que recull dades agregades de l&#8217;exercici 2012. Aquest segon informe respon a la voluntat de les entitats socials i de l&#8217;administraci\u00f3 comarcal de facilitar informaci\u00f3 peri\u00f2dica de l&#8217;evoluci\u00f3 de la realitat social de la comarca i al comprom\u00eds de compartir informaci\u00f3 sobre el territori.<\/p>\n<p>Aquest segon informe recull dades globals de l&#8217;any 2012 referides a l&#8217;evoluci\u00f3 del context econ\u00f2mic, laboral i social a la comarca i dades referides a l&#8217;activitats de les entitats socials i l&#8217;\u00c0rea de Benestar del Consell Comarcal. Al llarg de l&#8217;any 2012 es van enregistrar prop de 25.500 persones ateses a la comarca, dada que reuneix l&#8217;activitat de 8 entitats de la comarca i del Consell Comarcal, constatant com l&#8217;increment d&#8217;atencions \u00e9s constant des de l&#8217;inici de la crisi econ\u00f2mica. D&#8217;acord amb les entitats de la Taula, publicarem dos informes cada any per tal de poder fer el seguiment d&#8217;un conjunt d&#8217;indicadors sobre la poblaci\u00f3 en situaci\u00f3 m\u00e9s vulnerable i risc d&#8217;exclusi\u00f3 social a la comarca.<\/p>\n<p>En aquest document es presenten dades de l&#8217;evoluci\u00f3 del nombre de persones ateses per les entitats i el Consell Comarcal; indicadors sobre el sector social a l&#8217;Alt Empord\u00e0 i indicadors espec\u00edfics referits a l&#8217;acci\u00f3 social en els diferents \u00e0mbits d&#8217;inclusi\u00f3 social. Podeu accedir a l&#8217;informe social 2012 mitjan\u00e7ant aquest <a title=\"enlla\u00e7\" href=\"https:\/\/inclusioaltemporda.cat\/portal\/wp-content\/uploads\/Informe-social-2_2012.pdf\">enlla\u00e7<\/a>.<\/p>\n","protected":false},"excerpt":{"rendered":"<p>La Taula per a la Inclusi\u00f3 i la Cohesi\u00f3 Social de l&#8217;Alt Empord\u00e0 i l&#8217;\u00e0rea de Benestar del Consell Comarcal han elaborat el segon Informe Social de l&#8217;Alt Empord\u00e0 que&hellip;<\/p>\n","protected":false},"author":3,"featured_media":2454,"comment_status":"closed","ping_status":"closed","sticky":false,"template":"","format":"standard","meta":{"footnotes":""},"categories":[100,107,101,105,104,103,108,13,102,11],"tags":[27,24,49,17],"class_list":["post-2448","post","type-post","status-publish","format-standard","has-post-thumbnail","hentry","category-area-benestar","category-centres-recerca-universitats","category-ciutadania","category-empreses","category-entitats-socials","category-estudiants-escoles-instituts","category-mitjans-comunicacio","category-observatori-inclusio-social-alt-emporda","category-professionals-ambit-social","category-taula-inclusio","tag-benestar-ccae","tag-inclusio-social","tag-informe-social","tag-taula","category-100","category-107","category-101","category-105","category-104","category-103","category-108","category-13","category-102","category-11","description-off"],"_links":{"self":[{"href":"https:\/\/inclusioaltemporda.cat\/portal\/wp-json\/wp\/v2\/posts\/2448","targetHints":{"allow":["GET"]}}],"collection":[{"href":"https:\/\/inclusioaltemporda.cat\/portal\/wp-json\/wp\/v2\/posts"}],"about":[{"href":"https:\/\/inclusioaltemporda.cat\/portal\/wp-json\/wp\/v2\/types\/post"}],"author":[{"embeddable":true,"href":"https:\/\/inclusioaltemporda.cat\/portal\/wp-json\/wp\/v2\/users\/3"}],"replies":[{"embeddable":true,"href":"https:\/\/inclusioaltemporda.cat\/portal\/wp-json\/wp\/v2\/comments?post=2448"}],"version-history":[{"count":4,"href":"https:\/\/inclusioaltemporda.cat\/portal\/wp-json\/wp\/v2\/posts\/2448\/revisions"}],"predecessor-version":[{"id":2453,"href":"https:\/\/inclusioaltemporda.cat\/portal\/wp-json\/wp\/v2\/posts\/2448\/revisions\/2453"}],"wp:featuredmedia":[{"embeddable":true,"href":"https:\/\/inclusioaltemporda.cat\/portal\/wp-json\/wp\/v2\/media\/2454"}],"wp:attachment":[{"href":"https:\/\/inclusioaltemporda.cat\/portal\/wp-json\/wp\/v2\/media?parent=2448"}],"wp:term":[{"taxonomy":"category","embeddable":true,"href":"https:\/\/inclusioaltemporda.cat\/portal\/wp-json\/wp\/v2\/categories?post=2448"},{"taxonomy":"post_tag","embeddable":true,"href":"https:\/\/inclusioaltemporda.cat\/portal\/wp-json\/wp\/v2\/tags?post=2448"}],"curies":[{"name":"wp","href":"https:\/\/api.w.org\/{rel}","templated":true}]}}