{"id":2456,"date":"2013-09-24T09:19:14","date_gmt":"2013-09-24T07:19:14","guid":{"rendered":"https:\/\/inclusioaltemporda.cat\/portal\/?p=2456"},"modified":"2016-02-01T09:23:56","modified_gmt":"2016-02-01T08:23:56","slug":"taller-dhabilitats-socials-i-educatives-per-a-pares-dorigen-marroqui-a-la-jonquera","status":"publish","type":"post","link":"https:\/\/inclusioaltemporda.cat\/portal\/taller-dhabilitats-socials-i-educatives-per-a-pares-dorigen-marroqui-a-la-jonquera\/","title":{"rendered":"Taller d&#8217;habilitats socials i educatives per a pares d&#8217;origen marroqu\u00ed a La Jonquera"},"content":{"rendered":"<p>Els darrers mesos de maig i juny, l&#8217;equip de l&#8217;\u00e0rea b\u00e0sica de serveis socials de La Jonquera i el servei de Mediaci\u00f3 del Pla Territorial de Ciutadania i Immigraci\u00f3 del Consell Comarcal,\u00a0 han dut a terme una experi\u00e8ncia innovadora en treball grupal i comunitari centrada en homes d&#8217;origen marroqu\u00ed que s&#8217;ha articulat a l&#8217;entorn d&#8217;un Taller en habilitats socials i educatives.<\/p>\n<p>Aquesta intervenci\u00f3 va tenir una durada de dos mesos, amb sessions setmanals de 2 hores, a les quals van assistir un grup de 12 pares d&#8217;origen marroqu\u00ed del municipi.\u00a0 El taller es va orientar especialment\u00a0 a facilitar informaci\u00f3 i coneixement en els \u00e0mbits seg\u00fcents: les habilitats comunicatives i la import\u00e0ncia de con\u00e8ixer la llengua; el m\u00f3n laboral, la recerca de feina i la rellev\u00e0ncia de la formaci\u00f3 pr\u00f2pia i dels fills i filles; l&#8217;economia familiar i el consum responsable; les relacions familiars i els models educatius; l&#8217;educaci\u00f3 i l&#8217;escolaritzaci\u00f3 dels fills i filles i la prevenci\u00f3 en salut en infants, adolescents i adults.<\/p>\n<p>Aquesta activitat est\u00e0 cofinan\u00e7ada pel Ministeri de Treball i Seguretat Social i el Fons Europeu per a la Integraci\u00f3 (FEI\/2012\/154) mitjan\u00e7ant el qual s&#8217;ha pogut executar el projecte &#8220;Servei d&#8217;Intervenci\u00f3 Comunit\u00e0ria&#8221;.<\/p>\n<p>Aquest treball grupal i comunitari amb homes forma part d&#8217;una estrat\u00e8gia d&#8217;intervenci\u00f3 que tamb\u00e9 s&#8217;est\u00e0 duent a terme amb adolescents del municipi i amb un grup de mares d&#8217;origen marroqu\u00ed. En els propers mesos, aquests grups tindran continu\u00eftat mitjan\u00e7ant tallers d&#8217;alfabetitzaci\u00f3 en catal\u00e0; alfabetitzaci\u00f3 digital i grups de conversa.<\/p>\n","protected":false},"excerpt":{"rendered":"<p>Els darrers mesos de maig i juny, l&#8217;equip de l&#8217;\u00e0rea b\u00e0sica de serveis socials de La Jonquera i el servei de Mediaci\u00f3 del Pla Territorial de Ciutadania i Immigraci\u00f3 del&hellip;<\/p>\n","protected":false},"author":3,"featured_media":2458,"comment_status":"closed","ping_status":"closed","sticky":false,"template":"","format":"standard","meta":{"footnotes":""},"categories":[106,100,107,101,104,108,102],"tags":[34,27,24,62],"class_list":["post-2456","post","type-post","status-publish","format-standard","has-post-thumbnail","hentry","category-administracions","category-area-benestar","category-centres-recerca-universitats","category-ciutadania","category-entitats-socials","category-mitjans-comunicacio","category-professionals-ambit-social","tag-aula-professionals","tag-benestar-ccae","tag-inclusio-social","tag-pla-ciutadania-i-immigracio","category-106","category-100","category-107","category-101","category-104","category-108","category-102","description-off"],"_links":{"self":[{"href":"https:\/\/inclusioaltemporda.cat\/portal\/wp-json\/wp\/v2\/posts\/2456","targetHints":{"allow":["GET"]}}],"collection":[{"href":"https:\/\/inclusioaltemporda.cat\/portal\/wp-json\/wp\/v2\/posts"}],"about":[{"href":"https:\/\/inclusioaltemporda.cat\/portal\/wp-json\/wp\/v2\/types\/post"}],"author":[{"embeddable":true,"href":"https:\/\/inclusioaltemporda.cat\/portal\/wp-json\/wp\/v2\/users\/3"}],"replies":[{"embeddable":true,"href":"https:\/\/inclusioaltemporda.cat\/portal\/wp-json\/wp\/v2\/comments?post=2456"}],"version-history":[{"count":5,"href":"https:\/\/inclusioaltemporda.cat\/portal\/wp-json\/wp\/v2\/posts\/2456\/revisions"}],"predecessor-version":[{"id":3610,"href":"https:\/\/inclusioaltemporda.cat\/portal\/wp-json\/wp\/v2\/posts\/2456\/revisions\/3610"}],"wp:featuredmedia":[{"embeddable":true,"href":"https:\/\/inclusioaltemporda.cat\/portal\/wp-json\/wp\/v2\/media\/2458"}],"wp:attachment":[{"href":"https:\/\/inclusioaltemporda.cat\/portal\/wp-json\/wp\/v2\/media?parent=2456"}],"wp:term":[{"taxonomy":"category","embeddable":true,"href":"https:\/\/inclusioaltemporda.cat\/portal\/wp-json\/wp\/v2\/categories?post=2456"},{"taxonomy":"post_tag","embeddable":true,"href":"https:\/\/inclusioaltemporda.cat\/portal\/wp-json\/wp\/v2\/tags?post=2456"}],"curies":[{"name":"wp","href":"https:\/\/api.w.org\/{rel}","templated":true}]}}